{"id":1023,"date":"2013-05-24T10:23:10","date_gmt":"2013-05-24T10:23:10","guid":{"rendered":"http:\/\/www.sborissimo.cz\/?p=1023"},"modified":"2018-03-02T21:57:35","modified_gmt":"2018-03-02T21:57:35","slug":"24-5-2013-koncert-v-obecnim-dome-v-praze","status":"publish","type":"post","link":"https:\/\/www.sborissimo.cz\/index.php\/2013\/05\/24\/24-5-2013-koncert-v-obecnim-dome-v-praze\/","title":{"rendered":"24.&nbsp;5.&nbsp;2013 Koncert v&nbsp;Obecn\u00edm dom\u011b v&nbsp;Praze"},"content":{"rendered":"<p>M\u011bli jsme tu \u010dest si zazp\u00edvat v&nbsp;Obecn\u00edm dom\u011b v&nbsp;Praze. Byl to pro n\u00e1s opravdu velk\u00fd z\u00e1\u017eitek.<\/p>\n<div class=\"tiled-gallery type-rectangular tiled-gallery-unresized\" data-original-width=\"620\" data-carousel-extra='{&quot;blog_id&quot;:1,&quot;permalink&quot;:&quot;https:\\\/\\\/www.sborissimo.cz\\\/index.php\\\/2013\\\/05\\\/24\\\/24-5-2013-koncert-v-obecnim-dome-v-praze\\\/&quot;,&quot;likes_blog_id&quot;:136623263}' itemscope itemtype=\"http:\/\/schema.org\/ImageGallery\" > <div class=\"gallery-row\" style=\"width: 620px; height: 234px;\" data-original-width=\"620\" data-original-height=\"234\" > <div class=\"gallery-group images-1\" style=\"width: 310px; height: 234px;\" data-original-width=\"310\" data-original-height=\"234\" > <div class=\"tiled-gallery-item tiled-gallery-item-large\" itemprop=\"associatedMedia\" itemscope itemtype=\"http:\/\/schema.org\/ImageObject\"> <a href=\"https:\/\/www.sborissimo.cz\/index.php\/2013\/05\/24\/24-5-2013-koncert-v-obecnim-dome-v-praze\/dsc02646\/#main\" border=\"0\" itemprop=\"url\"> <meta itemprop=\"width\" content=\"306\"> <meta itemprop=\"height\" content=\"230\"> <img decoding=\"async\" class=\"\" data-attachment-id=\"1024\" data-orig-file=\"https:\/\/www.sborissimo.cz\/wp-content\/uploads\/2018\/02\/dsc02646.jpg\" data-orig-size=\"640,480\" data-comments-opened=\"1\" data-image-meta=\"{&quot;aperture&quot;:&quot;2.8&quot;,&quot;credit&quot;:&quot;&quot;,&quot;camera&quot;:&quot;DSC-W125&quot;,&quot;caption&quot;:&quot;&quot;,&quot;created_timestamp&quot;:&quot;1369413808&quot;,&quot;copyright&quot;:&quot;&quot;,&quot;focal_length&quot;:&quot;5.35&quot;,&quot;iso&quot;:&quot;400&quot;,&quot;shutter_speed&quot;:&quot;0.025&quot;,&quot;title&quot;:&quot;&quot;,&quot;orientation&quot;:&quot;0&quot;}\" data-image-title=\"Sborissimo\" data-image-description=\"\" data-medium-file=\"https:\/\/i0.wp.com\/www.sborissimo.cz\/wp-content\/uploads\/2018\/02\/dsc02646.jpg?fit=300%2C225&#038;ssl=1\" data-large-file=\"https:\/\/i0.wp.com\/www.sborissimo.cz\/wp-content\/uploads\/2018\/02\/dsc02646.jpg?fit=620%2C465&#038;ssl=1\" src=\"https:\/\/i0.wp.com\/www.sborissimo.cz\/wp-content\/uploads\/2018\/02\/dsc02646.jpg?w=306&#038;h=230&#038;ssl=1\" srcset=\"https:\/\/i0.wp.com\/www.sborissimo.cz\/wp-content\/uploads\/2018\/02\/dsc02646.jpg?w=640&amp;ssl=1 640w, https:\/\/i0.wp.com\/www.sborissimo.cz\/wp-content\/uploads\/2018\/02\/dsc02646.jpg?resize=300%2C225&amp;ssl=1 300w, https:\/\/i0.wp.com\/www.sborissimo.cz\/wp-content\/uploads\/2018\/02\/dsc02646.jpg?resize=507%2C380&amp;ssl=1 507w\" width=\"306\" height=\"230\" loading=\"lazy\" data-original-width=\"306\" data-original-height=\"230\" itemprop=\"http:\/\/schema.org\/image\" title=\"Sborissimo\" alt=\"Sborissimo\" style=\"width: 306px; height: 230px;\" \/> <\/a> <\/div> <\/div> <!-- close group --> <div class=\"gallery-group images-1\" style=\"width: 310px; height: 234px;\" data-original-width=\"310\" data-original-height=\"234\" > <div class=\"tiled-gallery-item tiled-gallery-item-large\" itemprop=\"associatedMedia\" itemscope itemtype=\"http:\/\/schema.org\/ImageObject\"> <a href=\"https:\/\/www.sborissimo.cz\/index.php\/2013\/05\/24\/24-5-2013-koncert-v-obecnim-dome-v-praze\/dsc02647\/#main\" border=\"0\" itemprop=\"url\"> <meta itemprop=\"width\" content=\"306\"> <meta itemprop=\"height\" content=\"230\"> <img decoding=\"async\" class=\"\" data-attachment-id=\"1025\" data-orig-file=\"https:\/\/www.sborissimo.cz\/wp-content\/uploads\/2018\/02\/dsc02647.jpg\" data-orig-size=\"640,480\" data-comments-opened=\"1\" data-image-meta=\"{&quot;aperture&quot;:&quot;3.2&quot;,&quot;credit&quot;:&quot;&quot;,&quot;camera&quot;:&quot;DSC-W125&quot;,&quot;caption&quot;:&quot;&quot;,&quot;created_timestamp&quot;:&quot;1369413863&quot;,&quot;copyright&quot;:&quot;&quot;,&quot;focal_length&quot;:&quot;7.64&quot;,&quot;iso&quot;:&quot;500&quot;,&quot;shutter_speed&quot;:&quot;0.02&quot;,&quot;title&quot;:&quot;&quot;,&quot;orientation&quot;:&quot;0&quot;}\" data-image-title=\"Sborissimo\" data-image-description=\"\" data-medium-file=\"https:\/\/i0.wp.com\/www.sborissimo.cz\/wp-content\/uploads\/2018\/02\/dsc02647.jpg?fit=300%2C225&#038;ssl=1\" data-large-file=\"https:\/\/i0.wp.com\/www.sborissimo.cz\/wp-content\/uploads\/2018\/02\/dsc02647.jpg?fit=620%2C465&#038;ssl=1\" src=\"https:\/\/i0.wp.com\/www.sborissimo.cz\/wp-content\/uploads\/2018\/02\/dsc02647.jpg?w=306&#038;h=230&#038;ssl=1\" srcset=\"https:\/\/i0.wp.com\/www.sborissimo.cz\/wp-content\/uploads\/2018\/02\/dsc02647.jpg?w=640&amp;ssl=1 640w, https:\/\/i0.wp.com\/www.sborissimo.cz\/wp-content\/uploads\/2018\/02\/dsc02647.jpg?resize=300%2C225&amp;ssl=1 300w, https:\/\/i0.wp.com\/www.sborissimo.cz\/wp-content\/uploads\/2018\/02\/dsc02647.jpg?resize=507%2C380&amp;ssl=1 507w\" width=\"306\" height=\"230\" loading=\"lazy\" data-original-width=\"306\" data-original-height=\"230\" itemprop=\"http:\/\/schema.org\/image\" title=\"Sborissimo\" alt=\"Sborissimo\" style=\"width: 306px; height: 230px;\" \/> <\/a> <\/div> <\/div> <!-- close group --> <\/div> <!-- close row --> <\/div>\n","protected":false},"excerpt":{"rendered":"<p>M\u011bli jsme tu \u010dest si zazp\u00edvat v&nbsp;Obecn\u00edm dom\u011b v&nbsp;Praze. Byl to pro n\u00e1s opravdu velk\u00fd z\u00e1\u017eitek.<\/p>\n","protected":false},"author":1,"featured_media":1024,"comment_status":"closed","ping_status":"open","sticky":false,"template":"","format":"gallery","meta":{"jetpack_post_was_ever_published":false,"_jetpack_newsletter_access":"","_jetpack_dont_email_post_to_subs":false,"_jetpack_newsletter_tier_id":0,"_jetpack_memberships_contains_paywalled_content":false,"_jetpack_memberships_contains_paid_content":false,"footnotes":"","jetpack_publicize_message":"","jetpack_publicize_feature_enabled":true,"jetpack_social_post_already_shared":true,"jetpack_social_options":{"image_generator_settings":{"template":"highway","default_image_id":0,"font":"","enabled":false},"version":2}},"categories":[16],"tags":[19],"class_list":["post-1023","post","type-post","status-publish","format-gallery","has-post-thumbnail","hentry","category-zajezdy","tag-praha","post_format-post-format-gallery","with-featured-image"],"jetpack_publicize_connections":[],"jetpack_featured_media_url":"https:\/\/i0.wp.com\/www.sborissimo.cz\/wp-content\/uploads\/2018\/02\/dsc02646.jpg?fit=640%2C480&ssl=1","jetpack_sharing_enabled":true,"jetpack_shortlink":"https:\/\/wp.me\/p9ffX1-gv","jetpack_likes_enabled":true,"jetpack-related-posts":[{"id":817,"url":"https:\/\/www.sborissimo.cz\/index.php\/2011\/12\/17\/17-12-2011-praha\/","url_meta":{"origin":1023,"position":0},"title":"17.&nbsp;12.&nbsp;2011 PRAHA","author":"sborissimo","date":"17. 12. 2011","format":"gallery","excerpt":"Jako ji\u017e tradi\u010dn\u011b jsme si zazp\u00edvali u\u00a0v\u00e1no\u010dn\u00edho strome\u010dku na Starom\u011bstsk\u00e9m n\u00e1m\u011bst\u00ed v\u00a0Praze. Kr\u00e1sn\u011b jsme se\u00a0 a\u00a0ve\u0159\u00edme, \u017ee i\u00a0publikum, v\u00e1no\u010dn\u011b naladili.","rel":"","context":"In &quot;Advent&quot;","block_context":{"text":"Advent","link":"https:\/\/www.sborissimo.cz\/index.php\/category\/advent\/"},"img":{"alt_text":"","src":"https:\/\/i0.wp.com\/www.sborissimo.cz\/wp-content\/uploads\/2017\/11\/imgp7734-1.jpg?fit=427%2C640&ssl=1&resize=350%2C200","width":350,"height":200},"classes":[]},{"id":890,"url":"https:\/\/www.sborissimo.cz\/index.php\/2016\/11\/04\/4-11-2016-zpivani-pratelum-v-seniorskem-dome\/","url_meta":{"origin":1023,"position":1},"title":"4.&nbsp;11.&nbsp;2016 Zp\u00edv\u00e1n\u00ed p\u0159\u00e1tel\u016fm v&nbsp;seniorsk\u00e9m dom\u011b","author":"sborissimo","date":"4. 11. 2016","format":"gallery","excerpt":"Jako ji\u017e pon\u011bkolik\u00e1t\u00e9 jsme\u00a0 zazp\u00edvali\u00a0 na\u0161im p\u0159\u00e1tel\u016fm v seniorsk\u00e9m dom\u011b, kde se pravideln\u011b sch\u00e1z\u00edme na sborov\u00fdch zkou\u0161k\u00e1ch\u00a0 a soust\u0159ed\u011bn\u00edch.","rel":"","context":"In &quot;P\u00edsek&quot;","block_context":{"text":"P\u00edsek","link":"https:\/\/www.sborissimo.cz\/index.php\/category\/pisek\/"},"img":{"alt_text":"","src":"https:\/\/i0.wp.com\/www.sborissimo.cz\/wp-content\/uploads\/2018\/02\/14937856_10208206534749241_942758194_n.jpg?fit=960%2C648&ssl=1&resize=350%2C200","width":350,"height":200,"srcset":"https:\/\/i0.wp.com\/www.sborissimo.cz\/wp-content\/uploads\/2018\/02\/14937856_10208206534749241_942758194_n.jpg?fit=960%2C648&ssl=1&resize=350%2C200 1x, https:\/\/i0.wp.com\/www.sborissimo.cz\/wp-content\/uploads\/2018\/02\/14937856_10208206534749241_942758194_n.jpg?fit=960%2C648&ssl=1&resize=525%2C300 1.5x, https:\/\/i0.wp.com\/www.sborissimo.cz\/wp-content\/uploads\/2018\/02\/14937856_10208206534749241_942758194_n.jpg?fit=960%2C648&ssl=1&resize=700%2C400 2x"},"classes":[]},{"id":1524,"url":"https:\/\/www.sborissimo.cz\/index.php\/2018\/12\/22\/adventni-koncert-na-orliku\/","url_meta":{"origin":1023,"position":2},"title":"Adventn\u00ed koncert na Orl\u00edku","author":"sborissimo","date":"22. 12. 2018","format":"gallery","excerpt":"Na\u0161e v\u00e1no\u010dn\u00ed koncertov\u00e1n\u00ed jsme zah\u00e1jili v sobotu 22. 12. 2018 zp\u00edv\u00e1n\u00edm v seniorsk\u00e9m dom\u011b. Hned pot\u00e9 jsme se p\u0159esunuli do obce Orl\u00edk nad Vltavou, kde prob\u00edhalo setk\u00e1n\u00ed u v\u00e1no\u010dn\u00edho stromu. Nejd\u0159\u00edve jsme nas\u00e1li milou atmosf\u00e9ru u \u017eiv\u00e9ho Betl\u00e9ma, kter\u00fd ztv\u00e1rnili m\u00edstn\u00ed ob\u010dan\u00e9. N\u00e1\u0161 koncert se konal v kostel\u00edku sv. Prokopa\u2026","rel":"","context":"In &quot;Advent&quot;","block_context":{"text":"Advent","link":"https:\/\/www.sborissimo.cz\/index.php\/category\/advent\/"},"img":{"alt_text":"","src":"https:\/\/i0.wp.com\/www.sborissimo.cz\/wp-content\/uploads\/2018\/12\/Sb_webPr_V%C3%A1noce2018_1640x624.png?fit=1200%2C457&ssl=1&resize=350%2C200","width":350,"height":200,"srcset":"https:\/\/i0.wp.com\/www.sborissimo.cz\/wp-content\/uploads\/2018\/12\/Sb_webPr_V%C3%A1noce2018_1640x624.png?fit=1200%2C457&ssl=1&resize=350%2C200 1x, https:\/\/i0.wp.com\/www.sborissimo.cz\/wp-content\/uploads\/2018\/12\/Sb_webPr_V%C3%A1noce2018_1640x624.png?fit=1200%2C457&ssl=1&resize=525%2C300 1.5x, https:\/\/i0.wp.com\/www.sborissimo.cz\/wp-content\/uploads\/2018\/12\/Sb_webPr_V%C3%A1noce2018_1640x624.png?fit=1200%2C457&ssl=1&resize=700%2C400 2x, https:\/\/i0.wp.com\/www.sborissimo.cz\/wp-content\/uploads\/2018\/12\/Sb_webPr_V%C3%A1noce2018_1640x624.png?fit=1200%2C457&ssl=1&resize=1050%2C600 3x"},"classes":[]},{"id":1027,"url":"https:\/\/www.sborissimo.cz\/index.php\/2013\/03\/22\/22-3-2013-koncert-v-kostele-v-cimelicich\/","url_meta":{"origin":1023,"position":3},"title":"22.&nbsp;3.&nbsp;2013 koncert v&nbsp;kostele v&nbsp;\u010cimelic\u00edch","author":"sborissimo","date":"22. 3. 2013","format":"gallery","excerpt":"Dostali jsme pozv\u00e1n\u00ed zazp\u00edvat v kostele v \u010cimelic\u00edch. D\u011bkujeme za velmi v\u0159el\u00e9 p\u0159ijet\u00ed a bohat\u00e9 poho\u0161t\u011bn\u00ed.","rel":"","context":"In &quot;Z\u00e1jezdy&quot;","block_context":{"text":"Z\u00e1jezdy","link":"https:\/\/www.sborissimo.cz\/index.php\/category\/zajezdy\/"},"img":{"alt_text":"","src":"https:\/\/i0.wp.com\/www.sborissimo.cz\/wp-content\/uploads\/2018\/02\/dsc_0235.jpg?fit=640%2C430&ssl=1&resize=350%2C200","width":350,"height":200,"srcset":"https:\/\/i0.wp.com\/www.sborissimo.cz\/wp-content\/uploads\/2018\/02\/dsc_0235.jpg?fit=640%2C430&ssl=1&resize=350%2C200 1x, https:\/\/i0.wp.com\/www.sborissimo.cz\/wp-content\/uploads\/2018\/02\/dsc_0235.jpg?fit=640%2C430&ssl=1&resize=525%2C300 1.5x"},"classes":[]},{"id":3519,"url":"https:\/\/www.sborissimo.cz\/index.php\/2026\/01\/31\/rok-2025-v-nasem-sboru\/","url_meta":{"origin":1023,"position":4},"title":"Rok 2025 v&nbsp;na\u0161em sboru","author":"sborissimo","date":"31. 1. 2026","format":"gallery","excerpt":"V roce 2025 jsme si zazp\u00edvali spole\u010dn\u011b se strakonick\u00fdm sborem Hlaso\u0148, z\u00fa\u010dastnili se slavnostn\u00edho koncertu \"Jan\u00e1\u010dk\u016fv ve\u010der po 100 letech,\" hudebn\u011b vy\u0161perkovali divadln\u00ed hru pod \u0161ir\u00fdm nebem \"Zv\u00edkovsk\u00fd rar\u00e1\u0161ek\" a nav\u00e1zali na mezisborov\u00e1 p\u0159\u00e1telstv\u00ed na festivalu ve Vod\u0148anech. Zapojili jsme se do vz\u00e1jemn\u00e9 podpory p\u00edseck\u00fdch spolk\u016f. Konec roku jsme tradi\u010dn\u011b\u2026","rel":"","context":"In &quot;Advent&quot;","block_context":{"text":"Advent","link":"https:\/\/www.sborissimo.cz\/index.php\/category\/advent\/"},"img":{"alt_text":"","src":"https:\/\/i0.wp.com\/www.sborissimo.cz\/wp-content\/uploads\/2026\/01\/847445ae-02c7-4910-99c3-47f42c47622b.jpeg?fit=1200%2C1102&ssl=1&resize=350%2C200","width":350,"height":200,"srcset":"https:\/\/i0.wp.com\/www.sborissimo.cz\/wp-content\/uploads\/2026\/01\/847445ae-02c7-4910-99c3-47f42c47622b.jpeg?fit=1200%2C1102&ssl=1&resize=350%2C200 1x, https:\/\/i0.wp.com\/www.sborissimo.cz\/wp-content\/uploads\/2026\/01\/847445ae-02c7-4910-99c3-47f42c47622b.jpeg?fit=1200%2C1102&ssl=1&resize=525%2C300 1.5x, https:\/\/i0.wp.com\/www.sborissimo.cz\/wp-content\/uploads\/2026\/01\/847445ae-02c7-4910-99c3-47f42c47622b.jpeg?fit=1200%2C1102&ssl=1&resize=700%2C400 2x, https:\/\/i0.wp.com\/www.sborissimo.cz\/wp-content\/uploads\/2026\/01\/847445ae-02c7-4910-99c3-47f42c47622b.jpeg?fit=1200%2C1102&ssl=1&resize=1050%2C600 3x"},"classes":[]},{"id":1914,"url":"https:\/\/www.sborissimo.cz\/index.php\/2019\/05\/18\/jihocesi-v-linci\/","url_meta":{"origin":1023,"position":5},"title":"Jiho\u010de\u0161i v&nbsp;Linci","author":"sborissimo","date":"18. 5. 2019","format":"gallery","excerpt":"18. kv\u011btna jsme reprezentovali m\u011bsto P\u00edsek na Dnech jiho\u010desk\u00e9 kultury v rakousk\u00e9m Linci.","rel":"","context":"In &quot;Z\u00e1jezdy&quot;","block_context":{"text":"Z\u00e1jezdy","link":"https:\/\/www.sborissimo.cz\/index.php\/category\/zajezdy\/"},"img":{"alt_text":"Sborissimo Linec","src":"https:\/\/i0.wp.com\/www.sborissimo.cz\/wp-content\/uploads\/2019\/05\/Linz.jpg?fit=1200%2C457&ssl=1&resize=350%2C200","width":350,"height":200,"srcset":"https:\/\/i0.wp.com\/www.sborissimo.cz\/wp-content\/uploads\/2019\/05\/Linz.jpg?fit=1200%2C457&ssl=1&resize=350%2C200 1x, https:\/\/i0.wp.com\/www.sborissimo.cz\/wp-content\/uploads\/2019\/05\/Linz.jpg?fit=1200%2C457&ssl=1&resize=525%2C300 1.5x, https:\/\/i0.wp.com\/www.sborissimo.cz\/wp-content\/uploads\/2019\/05\/Linz.jpg?fit=1200%2C457&ssl=1&resize=700%2C400 2x, https:\/\/i0.wp.com\/www.sborissimo.cz\/wp-content\/uploads\/2019\/05\/Linz.jpg?fit=1200%2C457&ssl=1&resize=1050%2C600 3x"},"classes":[]}],"_links":{"self":[{"href":"https:\/\/www.sborissimo.cz\/index.php\/wp-json\/wp\/v2\/posts\/1023","targetHints":{"allow":["GET"]}}],"collection":[{"href":"https:\/\/www.sborissimo.cz\/index.php\/wp-json\/wp\/v2\/posts"}],"about":[{"href":"https:\/\/www.sborissimo.cz\/index.php\/wp-json\/wp\/v2\/types\/post"}],"author":[{"embeddable":true,"href":"https:\/\/www.sborissimo.cz\/index.php\/wp-json\/wp\/v2\/users\/1"}],"replies":[{"embeddable":true,"href":"https:\/\/www.sborissimo.cz\/index.php\/wp-json\/wp\/v2\/comments?post=1023"}],"version-history":[{"count":1,"href":"https:\/\/www.sborissimo.cz\/index.php\/wp-json\/wp\/v2\/posts\/1023\/revisions"}],"predecessor-version":[{"id":1026,"href":"https:\/\/www.sborissimo.cz\/index.php\/wp-json\/wp\/v2\/posts\/1023\/revisions\/1026"}],"wp:featuredmedia":[{"embeddable":true,"href":"https:\/\/www.sborissimo.cz\/index.php\/wp-json\/wp\/v2\/media\/1024"}],"wp:attachment":[{"href":"https:\/\/www.sborissimo.cz\/index.php\/wp-json\/wp\/v2\/media?parent=1023"}],"wp:term":[{"taxonomy":"category","embeddable":true,"href":"https:\/\/www.sborissimo.cz\/index.php\/wp-json\/wp\/v2\/categories?post=1023"},{"taxonomy":"post_tag","embeddable":true,"href":"https:\/\/www.sborissimo.cz\/index.php\/wp-json\/wp\/v2\/tags?post=1023"}],"curies":[{"name":"wp","href":"https:\/\/api.w.org\/{rel}","templated":true}]}}