{"id":1027,"date":"2013-03-22T10:27:16","date_gmt":"2013-03-22T10:27:16","guid":{"rendered":"http:\/\/www.sborissimo.cz\/?p=1027"},"modified":"2018-03-02T21:58:04","modified_gmt":"2018-03-02T21:58:04","slug":"22-3-2013-koncert-v-kostele-v-cimelicich","status":"publish","type":"post","link":"https:\/\/www.sborissimo.cz\/index.php\/2013\/03\/22\/22-3-2013-koncert-v-kostele-v-cimelicich\/","title":{"rendered":"22.&nbsp;3.&nbsp;2013 koncert v&nbsp;kostele v&nbsp;\u010cimelic\u00edch"},"content":{"rendered":"<p>Dostali jsme pozv\u00e1n\u00ed zazp\u00edvat v&nbsp;kostele v&nbsp;\u010cimelic\u00edch. D\u011bkujeme za velmi v\u0159el\u00e9 p\u0159ijet\u00ed a&nbsp;bohat\u00e9 poho\u0161t\u011bn\u00ed.<\/p>\n<div class=\"tiled-gallery type-rectangular tiled-gallery-unresized\" data-original-width=\"620\" data-carousel-extra='{&quot;blog_id&quot;:1,&quot;permalink&quot;:&quot;https:\\\/\\\/www.sborissimo.cz\\\/index.php\\\/2013\\\/03\\\/22\\\/22-3-2013-koncert-v-kostele-v-cimelicich\\\/&quot;,&quot;likes_blog_id&quot;:136623263}' itemscope itemtype=\"http:\/\/schema.org\/ImageGallery\" > <div class=\"gallery-row\" style=\"width: 620px; height: 279px;\" data-original-width=\"620\" data-original-height=\"279\" > <div class=\"gallery-group images-1\" style=\"width: 414px; height: 279px;\" data-original-width=\"414\" data-original-height=\"279\" > <div class=\"tiled-gallery-item tiled-gallery-item-large\" itemprop=\"associatedMedia\" itemscope itemtype=\"http:\/\/schema.org\/ImageObject\"> <a href=\"https:\/\/www.sborissimo.cz\/index.php\/2013\/03\/22\/22-3-2013-koncert-v-kostele-v-cimelicich\/dsc_0235\/#main\" border=\"0\" itemprop=\"url\"> <meta itemprop=\"width\" content=\"410\"> <meta itemprop=\"height\" content=\"275\"> <img decoding=\"async\" class=\"\" data-attachment-id=\"1028\" data-orig-file=\"https:\/\/www.sborissimo.cz\/wp-content\/uploads\/2018\/02\/dsc_0235.jpg\" data-orig-size=\"640,430\" data-comments-opened=\"1\" data-image-meta=\"{&quot;aperture&quot;:&quot;0&quot;,&quot;credit&quot;:&quot;&quot;,&quot;camera&quot;:&quot;&quot;,&quot;caption&quot;:&quot;&quot;,&quot;created_timestamp&quot;:&quot;0&quot;,&quot;copyright&quot;:&quot;&quot;,&quot;focal_length&quot;:&quot;0&quot;,&quot;iso&quot;:&quot;0&quot;,&quot;shutter_speed&quot;:&quot;0&quot;,&quot;title&quot;:&quot;&quot;,&quot;orientation&quot;:&quot;0&quot;}\" data-image-title=\"Sborissimo\" data-image-description=\"\" data-medium-file=\"https:\/\/i0.wp.com\/www.sborissimo.cz\/wp-content\/uploads\/2018\/02\/dsc_0235.jpg?fit=300%2C202&#038;ssl=1\" data-large-file=\"https:\/\/i0.wp.com\/www.sborissimo.cz\/wp-content\/uploads\/2018\/02\/dsc_0235.jpg?fit=620%2C417&#038;ssl=1\" src=\"https:\/\/i0.wp.com\/www.sborissimo.cz\/wp-content\/uploads\/2018\/02\/dsc_0235.jpg?w=410&#038;h=275&#038;ssl=1\" srcset=\"https:\/\/i0.wp.com\/www.sborissimo.cz\/wp-content\/uploads\/2018\/02\/dsc_0235.jpg?w=640&amp;ssl=1 640w, https:\/\/i0.wp.com\/www.sborissimo.cz\/wp-content\/uploads\/2018\/02\/dsc_0235.jpg?resize=300%2C202&amp;ssl=1 300w, https:\/\/i0.wp.com\/www.sborissimo.cz\/wp-content\/uploads\/2018\/02\/dsc_0235.jpg?resize=360%2C242&amp;ssl=1 360w, https:\/\/i0.wp.com\/www.sborissimo.cz\/wp-content\/uploads\/2018\/02\/dsc_0235.jpg?resize=566%2C380&amp;ssl=1 566w\" width=\"410\" height=\"275\" loading=\"lazy\" data-original-width=\"410\" data-original-height=\"275\" itemprop=\"http:\/\/schema.org\/image\" title=\"Sborissimo\" alt=\"Sborissimo\" style=\"width: 410px; height: 275px;\" \/> <\/a> <\/div> <\/div> <!-- close group --> <div class=\"gallery-group images-2\" style=\"width: 206px; height: 279px;\" data-original-width=\"206\" data-original-height=\"279\" > <div class=\"tiled-gallery-item tiled-gallery-item-small\" itemprop=\"associatedMedia\" itemscope itemtype=\"http:\/\/schema.org\/ImageObject\"> <a href=\"https:\/\/www.sborissimo.cz\/index.php\/2013\/03\/22\/22-3-2013-koncert-v-kostele-v-cimelicich\/dsc_0248\/#main\" border=\"0\" itemprop=\"url\"> <meta itemprop=\"width\" content=\"202\"> <meta itemprop=\"height\" content=\"136\"> <img decoding=\"async\" class=\"\" data-attachment-id=\"1029\" data-orig-file=\"https:\/\/www.sborissimo.cz\/wp-content\/uploads\/2018\/02\/dsc_0248.jpg\" data-orig-size=\"640,430\" data-comments-opened=\"1\" data-image-meta=\"{&quot;aperture&quot;:&quot;0&quot;,&quot;credit&quot;:&quot;&quot;,&quot;camera&quot;:&quot;&quot;,&quot;caption&quot;:&quot;&quot;,&quot;created_timestamp&quot;:&quot;0&quot;,&quot;copyright&quot;:&quot;&quot;,&quot;focal_length&quot;:&quot;0&quot;,&quot;iso&quot;:&quot;0&quot;,&quot;shutter_speed&quot;:&quot;0&quot;,&quot;title&quot;:&quot;&quot;,&quot;orientation&quot;:&quot;0&quot;}\" data-image-title=\"Sborissimo\" data-image-description=\"\" data-medium-file=\"https:\/\/i0.wp.com\/www.sborissimo.cz\/wp-content\/uploads\/2018\/02\/dsc_0248.jpg?fit=300%2C202&#038;ssl=1\" data-large-file=\"https:\/\/i0.wp.com\/www.sborissimo.cz\/wp-content\/uploads\/2018\/02\/dsc_0248.jpg?fit=620%2C417&#038;ssl=1\" src=\"https:\/\/i0.wp.com\/www.sborissimo.cz\/wp-content\/uploads\/2018\/02\/dsc_0248.jpg?w=202&#038;h=136&#038;ssl=1\" srcset=\"https:\/\/i0.wp.com\/www.sborissimo.cz\/wp-content\/uploads\/2018\/02\/dsc_0248.jpg?w=640&amp;ssl=1 640w, https:\/\/i0.wp.com\/www.sborissimo.cz\/wp-content\/uploads\/2018\/02\/dsc_0248.jpg?resize=300%2C202&amp;ssl=1 300w, https:\/\/i0.wp.com\/www.sborissimo.cz\/wp-content\/uploads\/2018\/02\/dsc_0248.jpg?resize=360%2C242&amp;ssl=1 360w, https:\/\/i0.wp.com\/www.sborissimo.cz\/wp-content\/uploads\/2018\/02\/dsc_0248.jpg?resize=566%2C380&amp;ssl=1 566w\" width=\"202\" height=\"136\" loading=\"lazy\" data-original-width=\"202\" data-original-height=\"136\" itemprop=\"http:\/\/schema.org\/image\" title=\"Sborissimo\" alt=\"Sborissimo\" style=\"width: 202px; height: 136px;\" \/> <\/a> <\/div> <div class=\"tiled-gallery-item tiled-gallery-item-small\" itemprop=\"associatedMedia\" itemscope itemtype=\"http:\/\/schema.org\/ImageObject\"> <a href=\"https:\/\/www.sborissimo.cz\/index.php\/2013\/03\/22\/22-3-2013-koncert-v-kostele-v-cimelicich\/dsc_0259\/#main\" border=\"0\" itemprop=\"url\"> <meta itemprop=\"width\" content=\"202\"> <meta itemprop=\"height\" content=\"135\"> <img decoding=\"async\" class=\"\" data-attachment-id=\"1030\" data-orig-file=\"https:\/\/www.sborissimo.cz\/wp-content\/uploads\/2018\/02\/dsc_0259.jpg\" data-orig-size=\"640,430\" data-comments-opened=\"1\" data-image-meta=\"{&quot;aperture&quot;:&quot;0&quot;,&quot;credit&quot;:&quot;&quot;,&quot;camera&quot;:&quot;&quot;,&quot;caption&quot;:&quot;&quot;,&quot;created_timestamp&quot;:&quot;0&quot;,&quot;copyright&quot;:&quot;&quot;,&quot;focal_length&quot;:&quot;0&quot;,&quot;iso&quot;:&quot;0&quot;,&quot;shutter_speed&quot;:&quot;0&quot;,&quot;title&quot;:&quot;&quot;,&quot;orientation&quot;:&quot;0&quot;}\" data-image-title=\"Sborissimo\" data-image-description=\"\" data-medium-file=\"https:\/\/i0.wp.com\/www.sborissimo.cz\/wp-content\/uploads\/2018\/02\/dsc_0259.jpg?fit=300%2C202&#038;ssl=1\" data-large-file=\"https:\/\/i0.wp.com\/www.sborissimo.cz\/wp-content\/uploads\/2018\/02\/dsc_0259.jpg?fit=620%2C417&#038;ssl=1\" src=\"https:\/\/i0.wp.com\/www.sborissimo.cz\/wp-content\/uploads\/2018\/02\/dsc_0259.jpg?w=202&#038;h=135&#038;ssl=1\" srcset=\"https:\/\/i0.wp.com\/www.sborissimo.cz\/wp-content\/uploads\/2018\/02\/dsc_0259.jpg?w=640&amp;ssl=1 640w, https:\/\/i0.wp.com\/www.sborissimo.cz\/wp-content\/uploads\/2018\/02\/dsc_0259.jpg?resize=300%2C202&amp;ssl=1 300w, https:\/\/i0.wp.com\/www.sborissimo.cz\/wp-content\/uploads\/2018\/02\/dsc_0259.jpg?resize=360%2C242&amp;ssl=1 360w, https:\/\/i0.wp.com\/www.sborissimo.cz\/wp-content\/uploads\/2018\/02\/dsc_0259.jpg?resize=566%2C380&amp;ssl=1 566w\" width=\"202\" height=\"135\" loading=\"lazy\" data-original-width=\"202\" data-original-height=\"135\" itemprop=\"http:\/\/schema.org\/image\" title=\"Sborissimo\" alt=\"Sborissimo\" style=\"width: 202px; height: 135px;\" \/> <\/a> <\/div> <\/div> <!-- close group --> <\/div> <!-- close row --> <\/div>\n","protected":false},"excerpt":{"rendered":"<p>Dostali jsme pozv\u00e1n\u00ed zazp\u00edvat v&nbsp;kostele v&nbsp;\u010cimelic\u00edch. D\u011bkujeme za velmi v\u0159el\u00e9 p\u0159ijet\u00ed a&nbsp;bohat\u00e9 poho\u0161t\u011bn\u00ed.<\/p>\n","protected":false},"author":1,"featured_media":1028,"comment_status":"closed","ping_status":"open","sticky":false,"template":"","format":"gallery","meta":{"jetpack_post_was_ever_published":false,"_jetpack_newsletter_access":"","_jetpack_dont_email_post_to_subs":false,"_jetpack_newsletter_tier_id":0,"_jetpack_memberships_contains_paywalled_content":false,"_jetpack_memberships_contains_paid_content":false,"footnotes":"","jetpack_publicize_message":"","jetpack_publicize_feature_enabled":true,"jetpack_social_post_already_shared":true,"jetpack_social_options":{"image_generator_settings":{"template":"highway","default_image_id":0,"font":"","enabled":false},"version":2}},"categories":[16],"tags":[37,21],"class_list":["post-1027","post","type-post","status-publish","format-gallery","has-post-thumbnail","hentry","category-zajezdy","tag-cimelice","tag-jihoceske-koncerty","post_format-post-format-gallery","with-featured-image"],"jetpack_publicize_connections":[],"jetpack_featured_media_url":"https:\/\/i0.wp.com\/www.sborissimo.cz\/wp-content\/uploads\/2018\/02\/dsc_0235.jpg?fit=640%2C430&ssl=1","jetpack_sharing_enabled":true,"jetpack_shortlink":"https:\/\/wp.me\/p9ffX1-gz","jetpack_likes_enabled":true,"jetpack-related-posts":[{"id":2386,"url":"https:\/\/www.sborissimo.cz\/index.php\/2019\/10\/11\/slavnostni-evropske-requiem\/","url_meta":{"origin":1027,"position":0},"title":"Slavnostn\u00ed evropsk\u00e9 requiem","author":"sborissimo","date":"11. 10. 2019","format":"gallery","excerpt":"Dny \u010desk\u00e9 st\u00e1tnosti v P\u00edsku zavr\u0161ila m\u0161e za ob\u011bti totality v D\u011bkansk\u00e9m kostele, kterou jsme hudebn\u011b doprovodili spole\u010dn\u011b s Virtuosi di Praga, s\u00f3listkou N\u00e1rodn\u00edho divadla, Al\u017eb\u011btou Pol\u00e1\u010dkovou, a varhan\u00edkem Ji\u0159\u00edm Emmerem, pod veden\u00edm Old\u0159icha Vl\u010dka.","rel":"","context":"In &quot;P\u00edsek&quot;","block_context":{"text":"P\u00edsek","link":"https:\/\/www.sborissimo.cz\/index.php\/category\/pisek\/"},"img":{"alt_text":"Koncert za ob\u011bti totalitn\u00edch re\u017eim\u016f","src":"https:\/\/i0.wp.com\/www.sborissimo.cz\/wp-content\/uploads\/2019\/10\/Evropsk%C3%A9-requiem2019.png?fit=1200%2C457&ssl=1&resize=350%2C200","width":350,"height":200,"srcset":"https:\/\/i0.wp.com\/www.sborissimo.cz\/wp-content\/uploads\/2019\/10\/Evropsk%C3%A9-requiem2019.png?fit=1200%2C457&ssl=1&resize=350%2C200 1x, https:\/\/i0.wp.com\/www.sborissimo.cz\/wp-content\/uploads\/2019\/10\/Evropsk%C3%A9-requiem2019.png?fit=1200%2C457&ssl=1&resize=525%2C300 1.5x, https:\/\/i0.wp.com\/www.sborissimo.cz\/wp-content\/uploads\/2019\/10\/Evropsk%C3%A9-requiem2019.png?fit=1200%2C457&ssl=1&resize=700%2C400 2x, https:\/\/i0.wp.com\/www.sborissimo.cz\/wp-content\/uploads\/2019\/10\/Evropsk%C3%A9-requiem2019.png?fit=1200%2C457&ssl=1&resize=1050%2C600 3x"},"classes":[]},{"id":2812,"url":"https:\/\/www.sborissimo.cz\/index.php\/2024\/06\/09\/leos-janacek-a-jizni-cechy-2024\/","url_meta":{"origin":1027,"position":1},"title":"Leo\u0161 Jan\u00e1\u010dek a&nbsp;Ji\u017en\u00ed \u010cechy 2024","author":"sborissimo","date":"9. 6. 2024","format":"gallery","excerpt":"Slavnostn\u00ed koncert Pocta Leo\u0161i Jan\u00e1\u010dkovi se uskute\u010dnil 9. \u010dervna 2024 v kostele Nejsv\u011bt\u011bj\u0161\u00ed Trojice.","rel":"","context":"In &quot;P\u00edsek&quot;","block_context":{"text":"P\u00edsek","link":"https:\/\/www.sborissimo.cz\/index.php\/category\/pisek\/"},"img":{"alt_text":"","src":"https:\/\/i0.wp.com\/www.sborissimo.cz\/wp-content\/uploads\/2025\/01\/bd5cc943b3ab6524a75fd0a044a78955.png?fit=1040%2C584&ssl=1&resize=350%2C200","width":350,"height":200,"srcset":"https:\/\/i0.wp.com\/www.sborissimo.cz\/wp-content\/uploads\/2025\/01\/bd5cc943b3ab6524a75fd0a044a78955.png?fit=1040%2C584&ssl=1&resize=350%2C200 1x, https:\/\/i0.wp.com\/www.sborissimo.cz\/wp-content\/uploads\/2025\/01\/bd5cc943b3ab6524a75fd0a044a78955.png?fit=1040%2C584&ssl=1&resize=525%2C300 1.5x, https:\/\/i0.wp.com\/www.sborissimo.cz\/wp-content\/uploads\/2025\/01\/bd5cc943b3ab6524a75fd0a044a78955.png?fit=1040%2C584&ssl=1&resize=700%2C400 2x"},"classes":[]},{"id":958,"url":"https:\/\/www.sborissimo.cz\/index.php\/2015\/04\/25\/25-4-2015-klasterni-kostel-v-pisku\/","url_meta":{"origin":1027,"position":2},"title":"25.&nbsp;4.&nbsp;2015 Kl\u00e1\u0161tern\u00ed kostel v&nbsp;P\u00edsku","author":"sborissimo","date":"25. 4. 2015","format":"gallery","excerpt":"Truv\u00e9rskou a Gospelovou m\u0161i jsme si zazp\u00edvali je\u0161t\u011b jednou v kl\u00e1\u0161tern\u00edm kostele v P\u00edsku.","rel":"","context":"In &quot;P\u00edsek&quot;","block_context":{"text":"P\u00edsek","link":"https:\/\/www.sborissimo.cz\/index.php\/category\/pisek\/"},"img":{"alt_text":"","src":"https:\/\/i0.wp.com\/www.sborissimo.cz\/wp-content\/uploads\/2018\/02\/truverska-a-gospelova-mse-v-klasternim-kostele.jpg?fit=640%2C480&ssl=1&resize=350%2C200","width":350,"height":200,"srcset":"https:\/\/i0.wp.com\/www.sborissimo.cz\/wp-content\/uploads\/2018\/02\/truverska-a-gospelova-mse-v-klasternim-kostele.jpg?fit=640%2C480&ssl=1&resize=350%2C200 1x, https:\/\/i0.wp.com\/www.sborissimo.cz\/wp-content\/uploads\/2018\/02\/truverska-a-gospelova-mse-v-klasternim-kostele.jpg?fit=640%2C480&ssl=1&resize=525%2C300 1.5x"},"classes":[]},{"id":857,"url":"https:\/\/www.sborissimo.cz\/index.php\/2017\/12\/29\/vanocni-koncerty-2017\/","url_meta":{"origin":1027,"position":3},"title":"V\u00c1NO\u010cN\u00cd KONCERTY 2017","author":"sborissimo","date":"29. 12. 2017","format":"gallery","excerpt":"Advent, Sborissimo a\u00a0Vy \u2013 na\u0161i p\u0159\u00edznivci, poslucha\u010di, p\u0159\u00e1tel\u00e9 a\u00a0rodiny.\u00a0 Op\u011bt jsme se setkali, abychom spole\u010dn\u011b vytvo\u0159ili kr\u00e1snou v\u00e1no\u010dn\u00ed atmosf\u00e9ru, zapomn\u011bli na shon a\u00a0starosti, poddali se hudb\u011b a\u00a0naladili si \u00fasm\u011bvy ve tv\u00e1\u0159\u00edch.\u00a0 Do programu jsme za\u0159adili\u00a0na\u0161e obl\u00edben\u00e9 v\u00e1no\u010dn\u00ed skladby z\u00a0r\u016fzn\u00fdch kout\u016f Evropy a\u00a0nov\u00fd spiritu\u00e1l \u201eRide the chariot.\u201c V\u00a0posledn\u00ed \u010d\u00e1sti koncertu jste\u2026","rel":"","context":"In &quot;Advent&quot;","block_context":{"text":"Advent","link":"https:\/\/www.sborissimo.cz\/index.php\/category\/advent\/"},"img":{"alt_text":"V\u00e1noce 2017","src":"https:\/\/i0.wp.com\/www.sborissimo.cz\/wp-content\/uploads\/2017\/12\/SB_web_V%C3%A1noce2017_1280x720-1.png?fit=1200%2C675&ssl=1&resize=350%2C200","width":350,"height":200,"srcset":"https:\/\/i0.wp.com\/www.sborissimo.cz\/wp-content\/uploads\/2017\/12\/SB_web_V%C3%A1noce2017_1280x720-1.png?fit=1200%2C675&ssl=1&resize=350%2C200 1x, https:\/\/i0.wp.com\/www.sborissimo.cz\/wp-content\/uploads\/2017\/12\/SB_web_V%C3%A1noce2017_1280x720-1.png?fit=1200%2C675&ssl=1&resize=525%2C300 1.5x, https:\/\/i0.wp.com\/www.sborissimo.cz\/wp-content\/uploads\/2017\/12\/SB_web_V%C3%A1noce2017_1280x720-1.png?fit=1200%2C675&ssl=1&resize=700%2C400 2x, https:\/\/i0.wp.com\/www.sborissimo.cz\/wp-content\/uploads\/2017\/12\/SB_web_V%C3%A1noce2017_1280x720-1.png?fit=1200%2C675&ssl=1&resize=1050%2C600 3x"},"classes":[]},{"id":2508,"url":"https:\/\/www.sborissimo.cz\/index.php\/2019\/12\/02\/dusickovy-koncert\/","url_meta":{"origin":1027,"position":4},"title":"Du\u0161i\u010dkov\u00fd koncert","author":"sborissimo","date":"2. 12. 2019","format":"gallery","excerpt":"v\u011bnovan\u00fd v\u0161em zesnul\u00fdm rozezn\u011bl 2. listopadu D\u011bkansk\u00fd kostel v P\u00edsku. Pod veden\u00edm Old\u0159icha Vl\u010dka jsme vystoupili s orchestrem Virtuosi di Praga a s\u00f3listy.","rel":"","context":"In &quot;P\u00edsek&quot;","block_context":{"text":"P\u00edsek","link":"https:\/\/www.sborissimo.cz\/index.php\/category\/pisek\/"},"img":{"alt_text":"Du\u0161i\u010dkov\u00fd koncert v D\u011bkansk\u00e9m kostele","src":"https:\/\/i0.wp.com\/www.sborissimo.cz\/wp-content\/uploads\/2019\/12\/Du%C5%A1i%C4%8Dky2019.png?fit=1200%2C457&ssl=1&resize=350%2C200","width":350,"height":200,"srcset":"https:\/\/i0.wp.com\/www.sborissimo.cz\/wp-content\/uploads\/2019\/12\/Du%C5%A1i%C4%8Dky2019.png?fit=1200%2C457&ssl=1&resize=350%2C200 1x, https:\/\/i0.wp.com\/www.sborissimo.cz\/wp-content\/uploads\/2019\/12\/Du%C5%A1i%C4%8Dky2019.png?fit=1200%2C457&ssl=1&resize=525%2C300 1.5x, https:\/\/i0.wp.com\/www.sborissimo.cz\/wp-content\/uploads\/2019\/12\/Du%C5%A1i%C4%8Dky2019.png?fit=1200%2C457&ssl=1&resize=700%2C400 2x, https:\/\/i0.wp.com\/www.sborissimo.cz\/wp-content\/uploads\/2019\/12\/Du%C5%A1i%C4%8Dky2019.png?fit=1200%2C457&ssl=1&resize=1050%2C600 3x"},"classes":[]},{"id":2672,"url":"https:\/\/www.sborissimo.cz\/index.php\/2022\/10\/21\/choralia-mikulov\/","url_meta":{"origin":1027,"position":5},"title":"Choralia Mikulov","author":"sborissimo","date":"21. 10. 2022","format":"gallery","excerpt":"Podzimn\u00ed v\u00edkend 14. - 16. 10. 2022 jsme spole\u010dn\u011b str\u00e1vili na 63. celost\u00e1tn\u00ed p\u0159ehl\u00eddce p\u011bveck\u00fdch sbor\u016f Choralia v jihomoravsk\u00e9m Mikulov\u011b.","rel":"","context":"In &quot;Choralia Mikulov&quot;","block_context":{"text":"Choralia Mikulov","link":"https:\/\/www.sborissimo.cz\/index.php\/category\/souteze\/choralia-mikulov\/"},"img":{"alt_text":"Sborissimo v Mikulov\u011b","src":"https:\/\/i0.wp.com\/www.sborissimo.cz\/wp-content\/uploads\/2022\/10\/Mikulov_2022.png?fit=1200%2C457&ssl=1&resize=350%2C200","width":350,"height":200,"srcset":"https:\/\/i0.wp.com\/www.sborissimo.cz\/wp-content\/uploads\/2022\/10\/Mikulov_2022.png?fit=1200%2C457&ssl=1&resize=350%2C200 1x, https:\/\/i0.wp.com\/www.sborissimo.cz\/wp-content\/uploads\/2022\/10\/Mikulov_2022.png?fit=1200%2C457&ssl=1&resize=525%2C300 1.5x, https:\/\/i0.wp.com\/www.sborissimo.cz\/wp-content\/uploads\/2022\/10\/Mikulov_2022.png?fit=1200%2C457&ssl=1&resize=700%2C400 2x, https:\/\/i0.wp.com\/www.sborissimo.cz\/wp-content\/uploads\/2022\/10\/Mikulov_2022.png?fit=1200%2C457&ssl=1&resize=1050%2C600 3x"},"classes":[]}],"_links":{"self":[{"href":"https:\/\/www.sborissimo.cz\/index.php\/wp-json\/wp\/v2\/posts\/1027","targetHints":{"allow":["GET"]}}],"collection":[{"href":"https:\/\/www.sborissimo.cz\/index.php\/wp-json\/wp\/v2\/posts"}],"about":[{"href":"https:\/\/www.sborissimo.cz\/index.php\/wp-json\/wp\/v2\/types\/post"}],"author":[{"embeddable":true,"href":"https:\/\/www.sborissimo.cz\/index.php\/wp-json\/wp\/v2\/users\/1"}],"replies":[{"embeddable":true,"href":"https:\/\/www.sborissimo.cz\/index.php\/wp-json\/wp\/v2\/comments?post=1027"}],"version-history":[{"count":1,"href":"https:\/\/www.sborissimo.cz\/index.php\/wp-json\/wp\/v2\/posts\/1027\/revisions"}],"predecessor-version":[{"id":1031,"href":"https:\/\/www.sborissimo.cz\/index.php\/wp-json\/wp\/v2\/posts\/1027\/revisions\/1031"}],"wp:featuredmedia":[{"embeddable":true,"href":"https:\/\/www.sborissimo.cz\/index.php\/wp-json\/wp\/v2\/media\/1028"}],"wp:attachment":[{"href":"https:\/\/www.sborissimo.cz\/index.php\/wp-json\/wp\/v2\/media?parent=1027"}],"wp:term":[{"taxonomy":"category","embeddable":true,"href":"https:\/\/www.sborissimo.cz\/index.php\/wp-json\/wp\/v2\/categories?post=1027"},{"taxonomy":"post_tag","embeddable":true,"href":"https:\/\/www.sborissimo.cz\/index.php\/wp-json\/wp\/v2\/tags?post=1027"}],"curies":[{"name":"wp","href":"https:\/\/api.w.org\/{rel}","templated":true}]}}