{"id":1045,"date":"2012-12-15T10:38:54","date_gmt":"2012-12-15T10:38:54","guid":{"rendered":"http:\/\/www.sborissimo.cz\/?p=1045"},"modified":"2018-03-02T21:59:15","modified_gmt":"2018-03-02T21:59:15","slug":"2012-advent-v-pisku","status":"publish","type":"post","link":"https:\/\/www.sborissimo.cz\/index.php\/2012\/12\/15\/2012-advent-v-pisku\/","title":{"rendered":"2012 Advent v&nbsp;P\u00edsku"},"content":{"rendered":"<div class=\"tiled-gallery type-rectangular tiled-gallery-unresized\" data-original-width=\"620\" data-carousel-extra='{&quot;blog_id&quot;:1,&quot;permalink&quot;:&quot;https:\\\/\\\/www.sborissimo.cz\\\/index.php\\\/2012\\\/12\\\/15\\\/2012-advent-v-pisku\\\/&quot;,&quot;likes_blog_id&quot;:136623263}' itemscope itemtype=\"http:\/\/schema.org\/ImageGallery\" > <div class=\"gallery-row\" style=\"width: 620px; height: 466px;\" data-original-width=\"620\" data-original-height=\"466\" > <div class=\"gallery-group images-1\" style=\"width: 620px; height: 466px;\" data-original-width=\"620\" data-original-height=\"466\" > <div class=\"tiled-gallery-item tiled-gallery-item-large\" itemprop=\"associatedMedia\" itemscope itemtype=\"http:\/\/schema.org\/ImageObject\"> <a href=\"https:\/\/www.sborissimo.cz\/index.php\/2012\/12\/15\/2012-advent-v-pisku\/olympus-digital-camera-16\/#main\" border=\"0\" itemprop=\"url\"> <meta itemprop=\"width\" content=\"616\"> <meta itemprop=\"height\" content=\"462\"> <img decoding=\"async\" class=\"\" data-attachment-id=\"1046\" data-orig-file=\"https:\/\/www.sborissimo.cz\/wp-content\/uploads\/2018\/02\/pc030037.jpg\" data-orig-size=\"640,480\" data-comments-opened=\"1\" data-image-meta=\"{&quot;aperture&quot;:&quot;3.1&quot;,&quot;credit&quot;:&quot;&quot;,&quot;camera&quot;:&quot;SZ-10&quot;,&quot;caption&quot;:&quot;OLYMPUS DIGITAL CAMERA&quot;,&quot;created_timestamp&quot;:&quot;1354553714&quot;,&quot;copyright&quot;:&quot;&quot;,&quot;focal_length&quot;:&quot;5&quot;,&quot;iso&quot;:&quot;200&quot;,&quot;shutter_speed&quot;:&quot;0.0666666666667&quot;,&quot;title&quot;:&quot;OLYMPUS DIGITAL CAMERA&quot;,&quot;orientation&quot;:&quot;0&quot;}\" data-image-title=\"Sborissimo\" data-image-description=\"\" data-medium-file=\"https:\/\/i0.wp.com\/www.sborissimo.cz\/wp-content\/uploads\/2018\/02\/pc030037.jpg?fit=300%2C225&#038;ssl=1\" data-large-file=\"https:\/\/i0.wp.com\/www.sborissimo.cz\/wp-content\/uploads\/2018\/02\/pc030037.jpg?fit=620%2C465&#038;ssl=1\" src=\"https:\/\/i0.wp.com\/www.sborissimo.cz\/wp-content\/uploads\/2018\/02\/pc030037.jpg?w=616&#038;h=462&#038;ssl=1\" srcset=\"https:\/\/i0.wp.com\/www.sborissimo.cz\/wp-content\/uploads\/2018\/02\/pc030037.jpg?w=640&amp;ssl=1 640w, https:\/\/i0.wp.com\/www.sborissimo.cz\/wp-content\/uploads\/2018\/02\/pc030037.jpg?resize=300%2C225&amp;ssl=1 300w, https:\/\/i0.wp.com\/www.sborissimo.cz\/wp-content\/uploads\/2018\/02\/pc030037.jpg?resize=507%2C380&amp;ssl=1 507w\" width=\"616\" height=\"462\" loading=\"lazy\" data-original-width=\"616\" data-original-height=\"462\" itemprop=\"http:\/\/schema.org\/image\" title=\"Sborissimo\" alt=\"OLYMPUS DIGITAL CAMERA\" style=\"width: 616px; height: 462px;\" \/> <\/a> <div class=\"tiled-gallery-caption\" itemprop=\"caption description\"> OLYMPUS DIGITAL CAMERA <\/div> <\/div> <\/div> <!-- close group --> <\/div> <!-- close row --> <\/div>\n","protected":false},"excerpt":{"rendered":"","protected":false},"author":1,"featured_media":1046,"comment_status":"closed","ping_status":"open","sticky":false,"template":"","format":"gallery","meta":{"jetpack_post_was_ever_published":false,"_jetpack_newsletter_access":"","_jetpack_dont_email_post_to_subs":false,"_jetpack_newsletter_tier_id":0,"_jetpack_memberships_contains_paywalled_content":false,"_jetpack_memberships_contains_paid_content":false,"footnotes":"","jetpack_publicize_message":"","jetpack_publicize_feature_enabled":true,"jetpack_social_post_already_shared":true,"jetpack_social_options":{"image_generator_settings":{"template":"highway","default_image_id":0,"font":"","enabled":false},"version":2}},"categories":[12,8],"tags":[39],"class_list":["post-1045","post","type-post","status-publish","format-gallery","has-post-thumbnail","hentry","category-advent","category-pisek","tag-advent","post_format-post-format-gallery","with-featured-image"],"jetpack_publicize_connections":[],"jetpack_featured_media_url":"https:\/\/i0.wp.com\/www.sborissimo.cz\/wp-content\/uploads\/2018\/02\/pc030037.jpg?fit=640%2C480&ssl=1","jetpack_sharing_enabled":true,"jetpack_shortlink":"https:\/\/wp.me\/p9ffX1-gR","jetpack_likes_enabled":true,"jetpack-related-posts":[{"id":2819,"url":"https:\/\/www.sborissimo.cz\/index.php\/2024\/12\/27\/adventni-koncerty-2024\/","url_meta":{"origin":1045,"position":0},"title":"Adventn\u00ed koncerty 2024","author":"sborissimo","date":"27. 12. 2024","format":"gallery","excerpt":"Na prosinec roku 2024 jsme p\u0159ipravili 4 adventn\u00ed koncerty, kter\u00fdmi jsme pot\u011b\u0161ili na\u0161e p\u0159\u00edznivce z P\u00edsku a bl\u00edzk\u00e9ho okol\u00ed.","rel":"","context":"In &quot;Advent&quot;","block_context":{"text":"Advent","link":"https:\/\/www.sborissimo.cz\/index.php\/category\/advent\/"},"img":{"alt_text":"","src":"https:\/\/i0.wp.com\/www.sborissimo.cz\/wp-content\/uploads\/2025\/01\/470247217_1148854893503655_4451903669696393558_n.jpg?fit=1200%2C747&ssl=1&resize=350%2C200","width":350,"height":200,"srcset":"https:\/\/i0.wp.com\/www.sborissimo.cz\/wp-content\/uploads\/2025\/01\/470247217_1148854893503655_4451903669696393558_n.jpg?fit=1200%2C747&ssl=1&resize=350%2C200 1x, https:\/\/i0.wp.com\/www.sborissimo.cz\/wp-content\/uploads\/2025\/01\/470247217_1148854893503655_4451903669696393558_n.jpg?fit=1200%2C747&ssl=1&resize=525%2C300 1.5x, https:\/\/i0.wp.com\/www.sborissimo.cz\/wp-content\/uploads\/2025\/01\/470247217_1148854893503655_4451903669696393558_n.jpg?fit=1200%2C747&ssl=1&resize=700%2C400 2x, https:\/\/i0.wp.com\/www.sborissimo.cz\/wp-content\/uploads\/2025\/01\/470247217_1148854893503655_4451903669696393558_n.jpg?fit=1200%2C747&ssl=1&resize=1050%2C600 3x"},"classes":[]},{"id":857,"url":"https:\/\/www.sborissimo.cz\/index.php\/2017\/12\/29\/vanocni-koncerty-2017\/","url_meta":{"origin":1045,"position":1},"title":"V\u00c1NO\u010cN\u00cd KONCERTY 2017","author":"sborissimo","date":"29. 12. 2017","format":"gallery","excerpt":"Advent, Sborissimo a\u00a0Vy \u2013 na\u0161i p\u0159\u00edznivci, poslucha\u010di, p\u0159\u00e1tel\u00e9 a\u00a0rodiny.\u00a0 Op\u011bt jsme se setkali, abychom spole\u010dn\u011b vytvo\u0159ili kr\u00e1snou v\u00e1no\u010dn\u00ed atmosf\u00e9ru, zapomn\u011bli na shon a\u00a0starosti, poddali se hudb\u011b a\u00a0naladili si \u00fasm\u011bvy ve tv\u00e1\u0159\u00edch.\u00a0 Do programu jsme za\u0159adili\u00a0na\u0161e obl\u00edben\u00e9 v\u00e1no\u010dn\u00ed skladby z\u00a0r\u016fzn\u00fdch kout\u016f Evropy a\u00a0nov\u00fd spiritu\u00e1l \u201eRide the chariot.\u201c V\u00a0posledn\u00ed \u010d\u00e1sti koncertu jste\u2026","rel":"","context":"In &quot;Advent&quot;","block_context":{"text":"Advent","link":"https:\/\/www.sborissimo.cz\/index.php\/category\/advent\/"},"img":{"alt_text":"V\u00e1noce 2017","src":"https:\/\/i0.wp.com\/www.sborissimo.cz\/wp-content\/uploads\/2017\/12\/SB_web_V%C3%A1noce2017_1280x720-1.png?fit=1200%2C675&ssl=1&resize=350%2C200","width":350,"height":200,"srcset":"https:\/\/i0.wp.com\/www.sborissimo.cz\/wp-content\/uploads\/2017\/12\/SB_web_V%C3%A1noce2017_1280x720-1.png?fit=1200%2C675&ssl=1&resize=350%2C200 1x, https:\/\/i0.wp.com\/www.sborissimo.cz\/wp-content\/uploads\/2017\/12\/SB_web_V%C3%A1noce2017_1280x720-1.png?fit=1200%2C675&ssl=1&resize=525%2C300 1.5x, https:\/\/i0.wp.com\/www.sborissimo.cz\/wp-content\/uploads\/2017\/12\/SB_web_V%C3%A1noce2017_1280x720-1.png?fit=1200%2C675&ssl=1&resize=700%2C400 2x, https:\/\/i0.wp.com\/www.sborissimo.cz\/wp-content\/uploads\/2017\/12\/SB_web_V%C3%A1noce2017_1280x720-1.png?fit=1200%2C675&ssl=1&resize=1050%2C600 3x"},"classes":[]},{"id":1032,"url":"https:\/\/www.sborissimo.cz\/index.php\/2012\/12\/24\/2012-trojice\/","url_meta":{"origin":1045,"position":2},"title":"24.&nbsp;12.&nbsp;2012 Trojice","author":"sborissimo","date":"24. 12. 2012","format":"gallery","excerpt":"V\u00e1no\u010dn\u00ed koncert v Trojici. D\u011bkujeme,\u00a0 \u017ee jste p\u0159i\u0161li v tak velk\u00e9m po\u010dtu. Snad jsme v\u00e1s na\u0161im vystoupen\u00edm v\u00e1no\u010dn\u011b, p\u0159ed \u0160t\u011bdr\u00fdm ve\u010derem, naladili.","rel":"","context":"In &quot;Advent&quot;","block_context":{"text":"Advent","link":"https:\/\/www.sborissimo.cz\/index.php\/category\/advent\/"},"img":{"alt_text":"","src":"https:\/\/i0.wp.com\/www.sborissimo.cz\/wp-content\/uploads\/2018\/02\/imgp2178.jpg?fit=640%2C427&ssl=1&resize=350%2C200","width":350,"height":200,"srcset":"https:\/\/i0.wp.com\/www.sborissimo.cz\/wp-content\/uploads\/2018\/02\/imgp2178.jpg?fit=640%2C427&ssl=1&resize=350%2C200 1x, https:\/\/i0.wp.com\/www.sborissimo.cz\/wp-content\/uploads\/2018\/02\/imgp2178.jpg?fit=640%2C427&ssl=1&resize=525%2C300 1.5x"},"classes":[]},{"id":1048,"url":"https:\/\/www.sborissimo.cz\/index.php\/2012\/12\/08\/8-12-2012-vanocni-pisecan\/","url_meta":{"origin":1045,"position":3},"title":"8.&nbsp;12.&nbsp;2012 V\u00e1no\u010dn\u00ed P\u00edse\u010dan","author":"sborissimo","date":"8. 12. 2012","format":"gallery","excerpt":"","rel":"","context":"In &quot;Advent&quot;","block_context":{"text":"Advent","link":"https:\/\/www.sborissimo.cz\/index.php\/category\/advent\/"},"img":{"alt_text":"","src":"https:\/\/i0.wp.com\/www.sborissimo.cz\/wp-content\/uploads\/2018\/02\/p1230699.jpg?fit=640%2C480&ssl=1&resize=350%2C200","width":350,"height":200,"srcset":"https:\/\/i0.wp.com\/www.sborissimo.cz\/wp-content\/uploads\/2018\/02\/p1230699.jpg?fit=640%2C480&ssl=1&resize=350%2C200 1x, https:\/\/i0.wp.com\/www.sborissimo.cz\/wp-content\/uploads\/2018\/02\/p1230699.jpg?fit=640%2C480&ssl=1&resize=525%2C300 1.5x"},"classes":[]},{"id":962,"url":"https:\/\/www.sborissimo.cz\/index.php\/2014\/12\/24\/2014-vanocni-koncert-v-trojici\/","url_meta":{"origin":1045,"position":4},"title":"24.&nbsp;12.&nbsp;2014 V\u00e1no\u010dn\u00ed koncert v&nbsp;Trojici","author":"sborissimo","date":"24. 12. 2014","format":"gallery","excerpt":"N\u00e1\u0161 tradi\u010dn\u00ed\u00a0 koncert na \u0160t\u011bdr\u00fd den. Moc d\u011bkujeme, \u017ee p\u0159i\u0161lo tolik poslucha\u010d\u016f.","rel":"","context":"In &quot;Advent&quot;","block_context":{"text":"Advent","link":"https:\/\/www.sborissimo.cz\/index.php\/category\/advent\/"},"img":{"alt_text":"","src":"https:\/\/i0.wp.com\/www.sborissimo.cz\/wp-content\/uploads\/2018\/02\/pc241124u.jpg?fit=640%2C480&ssl=1&resize=350%2C200","width":350,"height":200,"srcset":"https:\/\/i0.wp.com\/www.sborissimo.cz\/wp-content\/uploads\/2018\/02\/pc241124u.jpg?fit=640%2C480&ssl=1&resize=350%2C200 1x, https:\/\/i0.wp.com\/www.sborissimo.cz\/wp-content\/uploads\/2018\/02\/pc241124u.jpg?fit=640%2C480&ssl=1&resize=525%2C300 1.5x"},"classes":[]},{"id":1008,"url":"https:\/\/www.sborissimo.cz\/index.php\/2013\/12\/24\/2013-trojice\/","url_meta":{"origin":1045,"position":5},"title":"24.&nbsp;12.&nbsp;2013 Trojice","author":"sborissimo","date":"24. 12. 2013","format":"gallery","excerpt":"N\u00e1\u0161 tradi\u010dn\u00ed v\u00e1no\u010dn\u00ed koncert na \u0160t\u011bdr\u00fd den. D\u011bkujeme, \u017ee jste op\u011bt p\u0159i\u0161li v tak hojn\u00e9m po\u010dtu. Moc si toho v\u00e1\u017e\u00edme.","rel":"","context":"In &quot;Advent&quot;","block_context":{"text":"Advent","link":"https:\/\/www.sborissimo.cz\/index.php\/category\/advent\/"},"img":{"alt_text":"","src":"https:\/\/i0.wp.com\/www.sborissimo.cz\/wp-content\/uploads\/2018\/02\/dsc00445.jpg?fit=800%2C450&ssl=1&resize=350%2C200","width":350,"height":200,"srcset":"https:\/\/i0.wp.com\/www.sborissimo.cz\/wp-content\/uploads\/2018\/02\/dsc00445.jpg?fit=800%2C450&ssl=1&resize=350%2C200 1x, https:\/\/i0.wp.com\/www.sborissimo.cz\/wp-content\/uploads\/2018\/02\/dsc00445.jpg?fit=800%2C450&ssl=1&resize=525%2C300 1.5x, https:\/\/i0.wp.com\/www.sborissimo.cz\/wp-content\/uploads\/2018\/02\/dsc00445.jpg?fit=800%2C450&ssl=1&resize=700%2C400 2x"},"classes":[]}],"_links":{"self":[{"href":"https:\/\/www.sborissimo.cz\/index.php\/wp-json\/wp\/v2\/posts\/1045","targetHints":{"allow":["GET"]}}],"collection":[{"href":"https:\/\/www.sborissimo.cz\/index.php\/wp-json\/wp\/v2\/posts"}],"about":[{"href":"https:\/\/www.sborissimo.cz\/index.php\/wp-json\/wp\/v2\/types\/post"}],"author":[{"embeddable":true,"href":"https:\/\/www.sborissimo.cz\/index.php\/wp-json\/wp\/v2\/users\/1"}],"replies":[{"embeddable":true,"href":"https:\/\/www.sborissimo.cz\/index.php\/wp-json\/wp\/v2\/comments?post=1045"}],"version-history":[{"count":1,"href":"https:\/\/www.sborissimo.cz\/index.php\/wp-json\/wp\/v2\/posts\/1045\/revisions"}],"predecessor-version":[{"id":1047,"href":"https:\/\/www.sborissimo.cz\/index.php\/wp-json\/wp\/v2\/posts\/1045\/revisions\/1047"}],"wp:featuredmedia":[{"embeddable":true,"href":"https:\/\/www.sborissimo.cz\/index.php\/wp-json\/wp\/v2\/media\/1046"}],"wp:attachment":[{"href":"https:\/\/www.sborissimo.cz\/index.php\/wp-json\/wp\/v2\/media?parent=1045"}],"wp:term":[{"taxonomy":"category","embeddable":true,"href":"https:\/\/www.sborissimo.cz\/index.php\/wp-json\/wp\/v2\/categories?post=1045"},{"taxonomy":"post_tag","embeddable":true,"href":"https:\/\/www.sborissimo.cz\/index.php\/wp-json\/wp\/v2\/tags?post=1045"}],"curies":[{"name":"wp","href":"https:\/\/api.w.org\/{rel}","templated":true}]}}