{"id":1524,"date":"2018-12-22T21:01:17","date_gmt":"2018-12-22T21:01:17","guid":{"rendered":"http:\/\/www.sborissimo.cz\/?p=1524"},"modified":"2019-01-07T07:49:59","modified_gmt":"2019-01-07T07:49:59","slug":"adventni-koncert-na-orliku","status":"publish","type":"post","link":"https:\/\/www.sborissimo.cz\/index.php\/2018\/12\/22\/adventni-koncert-na-orliku\/","title":{"rendered":"Adventn\u00ed koncert na Orl\u00edku"},"content":{"rendered":"\n<p>Na\u0161e v\u00e1no\u010dn\u00ed koncertov\u00e1n\u00ed jsme zah\u00e1jili v&nbsp;sobotu 22.&nbsp;12.&nbsp;2018 zp\u00edv\u00e1n\u00edm v&nbsp;seniorsk\u00e9m dom\u011b. Hned pot\u00e9 jsme se p\u0159esunuli do obce Orl\u00edk nad Vltavou, kde prob\u00edhalo setk\u00e1n\u00ed u&nbsp;v\u00e1no\u010dn\u00edho stromu. Nejd\u0159\u00edve jsme nas\u00e1li milou atmosf\u00e9ru u&nbsp;\u017eiv\u00e9ho Betl\u00e9ma, kter\u00fd ztv\u00e1rnili m\u00edstn\u00ed ob\u010dan\u00e9. N\u00e1\u0161 koncert se konal v&nbsp;kostel\u00edku sv.&nbsp;Prokopa a&nbsp;byl v\u00fdjime\u010dn\u00fd zejm\u00e9na pro d\u011bti na\u0161ich sboristek, kter\u00e9 m\u011bly premi\u00e9ru sv\u00fdch vystoupen\u00ed. V&nbsp;\u00favodn\u00ed adventn\u00ed p\u00edsni se p\u0159edstavily na\u0161e dv\u011b mal\u00e9 s\u00f3listky, Elinka a&nbsp;Sofinka. V&nbsp;p\u00edsni &#8222;Nastal n\u00e1m \u010das velmi vesel\u00fd&#8220; n\u00e1s doprovodil na k\u0159\u00eddlovku V\u00edtek. Na violoncello n\u00e1m op\u011bt kr\u00e1sn\u011b zahr\u00e1la G\u00e1binka Ho\u0161kov\u00e1 a&nbsp;na tenorovou fl\u00e9tnu jej\u00ed bratr, Zden\u011bk Ho\u0161ek.<\/p>\n\n\n\n<p>V na\u0161em v\u00e1no\u010dn\u00edm programu jsme vedle adventn\u00edch p\u00edsn\u00ed za\u0159adili obl\u00edbenou ruskou a&nbsp;ukrajinskou koledu, gospely &#8222;Down in the river&#8220; a&nbsp;&#8222;Ride the chariot&#8220;  a&nbsp;doplnili nov\u011b nastudovan\u00e9 vesel\u00e9 koledy Stanislava Jel\u00ednka. Na z\u00e1v\u011br si s&nbsp;n\u00e1mi poslucha\u010di mohli zazp\u00edvat tradi\u010dn\u00ed koledy. \u010c\u00e1st koncertu byla v\u011bnov\u00e1na s\u00f3lov\u00e9mu zp\u011bvu Gab\u010di Ho\u0161kov\u00e9 v&nbsp;doprovodu mu\u017esk\u00e9ho hlasu a&nbsp;varhan. D\u011bkujeme v\u0161em p\u0159\u00edchoz\u00edm za velk\u00fd potlesk!<\/p>\n\n\n\n<ul class=\"wp-block-gallery aligncenter columns-2 wp-block-gallery-1 is-layout-flex wp-block-gallery-is-layout-flex\"><li class=\"blocks-gallery-item\"><figure><a href=\"https:\/\/i0.wp.com\/www.sborissimo.cz\/wp-content\/uploads\/2018\/12\/IMG_6257-1024x768.jpg\"><img data-recalc-dims=\"1\" loading=\"lazy\" decoding=\"async\" width=\"620\" height=\"465\" data-attachment-id=\"1527\" data-permalink=\"https:\/\/www.sborissimo.cz\/index.php\/2018\/12\/22\/adventni-koncert-na-orliku\/img_6257\/#main\" data-orig-file=\"https:\/\/i0.wp.com\/www.sborissimo.cz\/wp-content\/uploads\/2018\/12\/IMG_6257.jpg?fit=4032%2C3024&amp;ssl=1\" data-orig-size=\"4032,3024\" data-comments-opened=\"1\" data-image-meta=\"{&quot;aperture&quot;:&quot;2.2&quot;,&quot;credit&quot;:&quot;&quot;,&quot;camera&quot;:&quot;iPhone 6s&quot;,&quot;caption&quot;:&quot;&quot;,&quot;created_timestamp&quot;:&quot;1545497684&quot;,&quot;copyright&quot;:&quot;&quot;,&quot;focal_length&quot;:&quot;4.15&quot;,&quot;iso&quot;:&quot;200&quot;,&quot;shutter_speed&quot;:&quot;0.0588235294118&quot;,&quot;title&quot;:&quot;&quot;,&quot;orientation&quot;:&quot;1&quot;}\" data-image-title=\"IMG_6257\" data-image-description=\"\" data-image-caption=\"&lt;p&gt;\u017div\u00fd Betl\u00e9m ob\u010dan\u016f Orl\u00edka&lt;\/p&gt;\n\" data-medium-file=\"https:\/\/i0.wp.com\/www.sborissimo.cz\/wp-content\/uploads\/2018\/12\/IMG_6257.jpg?fit=300%2C225&amp;ssl=1\" data-large-file=\"https:\/\/i0.wp.com\/www.sborissimo.cz\/wp-content\/uploads\/2018\/12\/IMG_6257.jpg?fit=620%2C465&amp;ssl=1\" src=\"https:\/\/i0.wp.com\/www.sborissimo.cz\/wp-content\/uploads\/2018\/12\/IMG_6257.jpg?resize=620%2C465\" alt=\"\" data-id=\"1527\" data-link=\"http:\/\/www.sborissimo.cz\/index.php\/2018\/12\/28\/adventni-koncert-na-orliku\/img_6257\/#main\" class=\"wp-image-1527\" srcset=\"https:\/\/i0.wp.com\/www.sborissimo.cz\/wp-content\/uploads\/2018\/12\/IMG_6257.jpg?resize=1024%2C768&amp;ssl=1 1024w, https:\/\/i0.wp.com\/www.sborissimo.cz\/wp-content\/uploads\/2018\/12\/IMG_6257.jpg?resize=300%2C225&amp;ssl=1 300w, https:\/\/i0.wp.com\/www.sborissimo.cz\/wp-content\/uploads\/2018\/12\/IMG_6257.jpg?resize=768%2C576&amp;ssl=1 768w, https:\/\/i0.wp.com\/www.sborissimo.cz\/wp-content\/uploads\/2018\/12\/IMG_6257.jpg?resize=507%2C380&amp;ssl=1 507w, https:\/\/i0.wp.com\/www.sborissimo.cz\/wp-content\/uploads\/2018\/12\/IMG_6257.jpg?w=1240 1240w, https:\/\/i0.wp.com\/www.sborissimo.cz\/wp-content\/uploads\/2018\/12\/IMG_6257.jpg?w=1860 1860w\" sizes=\"auto, (max-width: 620px) 100vw, 620px\" \/><\/a><figcaption>\u017div\u00fd Betl\u00e9m ob\u010dan\u016f Orl\u00edka<\/figcaption><\/figure><\/li><li class=\"blocks-gallery-item\"><figure><a href=\"https:\/\/i0.wp.com\/www.sborissimo.cz\/wp-content\/uploads\/2018\/12\/IMG_6263-1024x768.jpg\"><img data-recalc-dims=\"1\" loading=\"lazy\" decoding=\"async\" width=\"620\" height=\"465\" data-attachment-id=\"1530\" data-permalink=\"https:\/\/www.sborissimo.cz\/index.php\/2018\/12\/22\/adventni-koncert-na-orliku\/img_6263\/#main\" data-orig-file=\"https:\/\/i0.wp.com\/www.sborissimo.cz\/wp-content\/uploads\/2018\/12\/IMG_6263.jpg?fit=4032%2C3024&amp;ssl=1\" data-orig-size=\"4032,3024\" data-comments-opened=\"1\" data-image-meta=\"{&quot;aperture&quot;:&quot;2.2&quot;,&quot;credit&quot;:&quot;&quot;,&quot;camera&quot;:&quot;iPhone 6s&quot;,&quot;caption&quot;:&quot;&quot;,&quot;created_timestamp&quot;:&quot;1545499365&quot;,&quot;copyright&quot;:&quot;&quot;,&quot;focal_length&quot;:&quot;4.15&quot;,&quot;iso&quot;:&quot;400&quot;,&quot;shutter_speed&quot;:&quot;0.0588235294118&quot;,&quot;title&quot;:&quot;&quot;,&quot;orientation&quot;:&quot;1&quot;}\" data-image-title=\"IMG_6263\" data-image-description=\"\" data-image-caption=\"&lt;p&gt;Koncert za\u010d\u00edn\u00e1&#8230;&lt;\/p&gt;\n\" data-medium-file=\"https:\/\/i0.wp.com\/www.sborissimo.cz\/wp-content\/uploads\/2018\/12\/IMG_6263.jpg?fit=300%2C225&amp;ssl=1\" data-large-file=\"https:\/\/i0.wp.com\/www.sborissimo.cz\/wp-content\/uploads\/2018\/12\/IMG_6263.jpg?fit=620%2C465&amp;ssl=1\" src=\"https:\/\/i0.wp.com\/www.sborissimo.cz\/wp-content\/uploads\/2018\/12\/IMG_6263.jpg?resize=620%2C465\" alt=\"\" data-id=\"1530\" data-link=\"http:\/\/www.sborissimo.cz\/index.php\/2018\/12\/28\/adventni-koncert-na-orliku\/img_6263\/#main\" class=\"wp-image-1530\" srcset=\"https:\/\/i0.wp.com\/www.sborissimo.cz\/wp-content\/uploads\/2018\/12\/IMG_6263.jpg?resize=1024%2C768&amp;ssl=1 1024w, https:\/\/i0.wp.com\/www.sborissimo.cz\/wp-content\/uploads\/2018\/12\/IMG_6263.jpg?resize=300%2C225&amp;ssl=1 300w, https:\/\/i0.wp.com\/www.sborissimo.cz\/wp-content\/uploads\/2018\/12\/IMG_6263.jpg?resize=768%2C576&amp;ssl=1 768w, https:\/\/i0.wp.com\/www.sborissimo.cz\/wp-content\/uploads\/2018\/12\/IMG_6263.jpg?resize=507%2C380&amp;ssl=1 507w, https:\/\/i0.wp.com\/www.sborissimo.cz\/wp-content\/uploads\/2018\/12\/IMG_6263.jpg?w=1240 1240w, https:\/\/i0.wp.com\/www.sborissimo.cz\/wp-content\/uploads\/2018\/12\/IMG_6263.jpg?w=1860 1860w\" sizes=\"auto, (max-width: 620px) 100vw, 620px\" \/><\/a><figcaption>Koncert za\u010d\u00edn\u00e1&#8230;<\/figcaption><\/figure><\/li><li class=\"blocks-gallery-item\"><figure><a href=\"https:\/\/i0.wp.com\/www.sborissimo.cz\/wp-content\/uploads\/2018\/12\/IMG_6275-768x1024.jpg\"><img data-recalc-dims=\"1\" loading=\"lazy\" decoding=\"async\" width=\"620\" height=\"827\" data-attachment-id=\"1533\" data-permalink=\"https:\/\/www.sborissimo.cz\/index.php\/2018\/12\/22\/adventni-koncert-na-orliku\/img_6275\/#main\" data-orig-file=\"https:\/\/i0.wp.com\/www.sborissimo.cz\/wp-content\/uploads\/2018\/12\/IMG_6275.jpg?fit=3024%2C4032&amp;ssl=1\" data-orig-size=\"3024,4032\" data-comments-opened=\"1\" data-image-meta=\"{&quot;aperture&quot;:&quot;2.2&quot;,&quot;credit&quot;:&quot;&quot;,&quot;camera&quot;:&quot;iPhone 6s&quot;,&quot;caption&quot;:&quot;&quot;,&quot;created_timestamp&quot;:&quot;1545499849&quot;,&quot;copyright&quot;:&quot;&quot;,&quot;focal_length&quot;:&quot;4.15&quot;,&quot;iso&quot;:&quot;500&quot;,&quot;shutter_speed&quot;:&quot;0.0588235294118&quot;,&quot;title&quot;:&quot;&quot;,&quot;orientation&quot;:&quot;1&quot;}\" data-image-title=\"IMG_6275\" data-image-description=\"\" data-image-caption=\"&lt;p&gt;Na\u0161e mal\u00e9 solistky Eli a Sofi&lt;\/p&gt;\n\" data-medium-file=\"https:\/\/i0.wp.com\/www.sborissimo.cz\/wp-content\/uploads\/2018\/12\/IMG_6275.jpg?fit=225%2C300&amp;ssl=1\" data-large-file=\"https:\/\/i0.wp.com\/www.sborissimo.cz\/wp-content\/uploads\/2018\/12\/IMG_6275.jpg?fit=620%2C827&amp;ssl=1\" src=\"https:\/\/i0.wp.com\/www.sborissimo.cz\/wp-content\/uploads\/2018\/12\/IMG_6275.jpg?resize=620%2C827\" alt=\"\" data-id=\"1533\" data-link=\"http:\/\/www.sborissimo.cz\/index.php\/2018\/12\/28\/adventni-koncert-na-orliku\/img_6275\/#main\" class=\"wp-image-1533\" srcset=\"https:\/\/i0.wp.com\/www.sborissimo.cz\/wp-content\/uploads\/2018\/12\/IMG_6275.jpg?resize=768%2C1024&amp;ssl=1 768w, https:\/\/i0.wp.com\/www.sborissimo.cz\/wp-content\/uploads\/2018\/12\/IMG_6275.jpg?resize=225%2C300&amp;ssl=1 225w, https:\/\/i0.wp.com\/www.sborissimo.cz\/wp-content\/uploads\/2018\/12\/IMG_6275.jpg?resize=285%2C380&amp;ssl=1 285w, https:\/\/i0.wp.com\/www.sborissimo.cz\/wp-content\/uploads\/2018\/12\/IMG_6275.jpg?w=1240 1240w, https:\/\/i0.wp.com\/www.sborissimo.cz\/wp-content\/uploads\/2018\/12\/IMG_6275.jpg?w=1860 1860w\" sizes=\"auto, (max-width: 620px) 100vw, 620px\" \/><\/a><figcaption>Na\u0161e mal\u00e9 solistky Eli a&nbsp;Sofi<\/figcaption><\/figure><\/li><li class=\"blocks-gallery-item\"><figure><a href=\"https:\/\/i0.wp.com\/www.sborissimo.cz\/wp-content\/uploads\/2018\/12\/IMG_6270-768x1024.jpg\"><img data-recalc-dims=\"1\" loading=\"lazy\" decoding=\"async\" width=\"620\" height=\"827\" data-attachment-id=\"1532\" data-permalink=\"https:\/\/www.sborissimo.cz\/index.php\/2018\/12\/22\/adventni-koncert-na-orliku\/img_6270\/#main\" data-orig-file=\"https:\/\/i0.wp.com\/www.sborissimo.cz\/wp-content\/uploads\/2018\/12\/IMG_6270.jpg?fit=3024%2C4032&amp;ssl=1\" data-orig-size=\"3024,4032\" data-comments-opened=\"1\" data-image-meta=\"{&quot;aperture&quot;:&quot;2.2&quot;,&quot;credit&quot;:&quot;&quot;,&quot;camera&quot;:&quot;iPhone 6s&quot;,&quot;caption&quot;:&quot;&quot;,&quot;created_timestamp&quot;:&quot;1545499430&quot;,&quot;copyright&quot;:&quot;&quot;,&quot;focal_length&quot;:&quot;4.15&quot;,&quot;iso&quot;:&quot;400&quot;,&quot;shutter_speed&quot;:&quot;0.0588235294118&quot;,&quot;title&quot;:&quot;&quot;,&quot;orientation&quot;:&quot;1&quot;}\" data-image-title=\"IMG_6270\" data-image-description=\"\" data-image-caption=\"\" data-medium-file=\"https:\/\/i0.wp.com\/www.sborissimo.cz\/wp-content\/uploads\/2018\/12\/IMG_6270.jpg?fit=225%2C300&amp;ssl=1\" data-large-file=\"https:\/\/i0.wp.com\/www.sborissimo.cz\/wp-content\/uploads\/2018\/12\/IMG_6270.jpg?fit=620%2C827&amp;ssl=1\" src=\"https:\/\/i0.wp.com\/www.sborissimo.cz\/wp-content\/uploads\/2018\/12\/IMG_6270.jpg?resize=620%2C827\" alt=\"\" data-id=\"1532\" data-link=\"http:\/\/www.sborissimo.cz\/index.php\/2018\/12\/28\/adventni-koncert-na-orliku\/img_6270\/#main\" class=\"wp-image-1532\" srcset=\"https:\/\/i0.wp.com\/www.sborissimo.cz\/wp-content\/uploads\/2018\/12\/IMG_6270.jpg?resize=768%2C1024&amp;ssl=1 768w, https:\/\/i0.wp.com\/www.sborissimo.cz\/wp-content\/uploads\/2018\/12\/IMG_6270.jpg?resize=225%2C300&amp;ssl=1 225w, https:\/\/i0.wp.com\/www.sborissimo.cz\/wp-content\/uploads\/2018\/12\/IMG_6270.jpg?resize=285%2C380&amp;ssl=1 285w, https:\/\/i0.wp.com\/www.sborissimo.cz\/wp-content\/uploads\/2018\/12\/IMG_6270.jpg?w=1240 1240w, https:\/\/i0.wp.com\/www.sborissimo.cz\/wp-content\/uploads\/2018\/12\/IMG_6270.jpg?w=1860 1860w\" sizes=\"auto, (max-width: 620px) 100vw, 620px\" \/><\/a><\/figure><\/li><li class=\"blocks-gallery-item\"><figure><a href=\"https:\/\/i0.wp.com\/www.sborissimo.cz\/wp-content\/uploads\/2018\/12\/IMG_6269-768x1024.jpg\"><img data-recalc-dims=\"1\" loading=\"lazy\" decoding=\"async\" width=\"620\" height=\"827\" data-attachment-id=\"1531\" data-permalink=\"https:\/\/www.sborissimo.cz\/index.php\/2018\/12\/22\/adventni-koncert-na-orliku\/img_6269\/#main\" data-orig-file=\"https:\/\/i0.wp.com\/www.sborissimo.cz\/wp-content\/uploads\/2018\/12\/IMG_6269.jpg?fit=3024%2C4032&amp;ssl=1\" data-orig-size=\"3024,4032\" data-comments-opened=\"1\" data-image-meta=\"{&quot;aperture&quot;:&quot;2.2&quot;,&quot;credit&quot;:&quot;&quot;,&quot;camera&quot;:&quot;iPhone 6s&quot;,&quot;caption&quot;:&quot;&quot;,&quot;created_timestamp&quot;:&quot;1545499413&quot;,&quot;copyright&quot;:&quot;&quot;,&quot;focal_length&quot;:&quot;4.15&quot;,&quot;iso&quot;:&quot;320&quot;,&quot;shutter_speed&quot;:&quot;0.0588235294118&quot;,&quot;title&quot;:&quot;&quot;,&quot;orientation&quot;:&quot;1&quot;}\" data-image-title=\"IMG_6269\" data-image-description=\"\" data-image-caption=\"\" data-medium-file=\"https:\/\/i0.wp.com\/www.sborissimo.cz\/wp-content\/uploads\/2018\/12\/IMG_6269.jpg?fit=225%2C300&amp;ssl=1\" data-large-file=\"https:\/\/i0.wp.com\/www.sborissimo.cz\/wp-content\/uploads\/2018\/12\/IMG_6269.jpg?fit=620%2C827&amp;ssl=1\" src=\"https:\/\/i0.wp.com\/www.sborissimo.cz\/wp-content\/uploads\/2018\/12\/IMG_6269.jpg?resize=620%2C827\" alt=\"\" data-id=\"1531\" data-link=\"http:\/\/www.sborissimo.cz\/index.php\/2018\/12\/28\/adventni-koncert-na-orliku\/img_6269\/#main\" class=\"wp-image-1531\" srcset=\"https:\/\/i0.wp.com\/www.sborissimo.cz\/wp-content\/uploads\/2018\/12\/IMG_6269.jpg?resize=768%2C1024&amp;ssl=1 768w, https:\/\/i0.wp.com\/www.sborissimo.cz\/wp-content\/uploads\/2018\/12\/IMG_6269.jpg?resize=225%2C300&amp;ssl=1 225w, https:\/\/i0.wp.com\/www.sborissimo.cz\/wp-content\/uploads\/2018\/12\/IMG_6269.jpg?resize=285%2C380&amp;ssl=1 285w, https:\/\/i0.wp.com\/www.sborissimo.cz\/wp-content\/uploads\/2018\/12\/IMG_6269.jpg?w=1240 1240w, https:\/\/i0.wp.com\/www.sborissimo.cz\/wp-content\/uploads\/2018\/12\/IMG_6269.jpg?w=1860 1860w\" sizes=\"auto, (max-width: 620px) 100vw, 620px\" \/><\/a><\/figure><\/li><li class=\"blocks-gallery-item\"><figure><a href=\"https:\/\/i0.wp.com\/www.sborissimo.cz\/wp-content\/uploads\/2018\/12\/IMG_6261-768x1024.jpg\"><img data-recalc-dims=\"1\" loading=\"lazy\" decoding=\"async\" width=\"620\" height=\"827\" data-attachment-id=\"1528\" data-permalink=\"https:\/\/www.sborissimo.cz\/index.php\/2018\/12\/22\/adventni-koncert-na-orliku\/img_6261\/#main\" data-orig-file=\"https:\/\/i0.wp.com\/www.sborissimo.cz\/wp-content\/uploads\/2018\/12\/IMG_6261.jpg?fit=3024%2C4032&amp;ssl=1\" data-orig-size=\"3024,4032\" data-comments-opened=\"1\" data-image-meta=\"{&quot;aperture&quot;:&quot;2.2&quot;,&quot;credit&quot;:&quot;&quot;,&quot;camera&quot;:&quot;iPhone 6s&quot;,&quot;caption&quot;:&quot;&quot;,&quot;created_timestamp&quot;:&quot;1545499356&quot;,&quot;copyright&quot;:&quot;&quot;,&quot;focal_length&quot;:&quot;4.15&quot;,&quot;iso&quot;:&quot;500&quot;,&quot;shutter_speed&quot;:&quot;0.0588235294118&quot;,&quot;title&quot;:&quot;&quot;,&quot;orientation&quot;:&quot;1&quot;}\" data-image-title=\"IMG_6261\" data-image-description=\"\" data-image-caption=\"&lt;p&gt;V\u00edtek a jeho k\u0159\u00eddlovka&lt;\/p&gt;\n\" data-medium-file=\"https:\/\/i0.wp.com\/www.sborissimo.cz\/wp-content\/uploads\/2018\/12\/IMG_6261.jpg?fit=225%2C300&amp;ssl=1\" data-large-file=\"https:\/\/i0.wp.com\/www.sborissimo.cz\/wp-content\/uploads\/2018\/12\/IMG_6261.jpg?fit=620%2C827&amp;ssl=1\" src=\"https:\/\/i0.wp.com\/www.sborissimo.cz\/wp-content\/uploads\/2018\/12\/IMG_6261.jpg?resize=620%2C827\" alt=\"\" data-id=\"1528\" data-link=\"http:\/\/www.sborissimo.cz\/index.php\/2018\/12\/28\/adventni-koncert-na-orliku\/img_6261\/#main\" class=\"wp-image-1528\" srcset=\"https:\/\/i0.wp.com\/www.sborissimo.cz\/wp-content\/uploads\/2018\/12\/IMG_6261.jpg?resize=768%2C1024&amp;ssl=1 768w, https:\/\/i0.wp.com\/www.sborissimo.cz\/wp-content\/uploads\/2018\/12\/IMG_6261.jpg?resize=225%2C300&amp;ssl=1 225w, https:\/\/i0.wp.com\/www.sborissimo.cz\/wp-content\/uploads\/2018\/12\/IMG_6261.jpg?resize=285%2C380&amp;ssl=1 285w, https:\/\/i0.wp.com\/www.sborissimo.cz\/wp-content\/uploads\/2018\/12\/IMG_6261.jpg?w=1240 1240w, https:\/\/i0.wp.com\/www.sborissimo.cz\/wp-content\/uploads\/2018\/12\/IMG_6261.jpg?w=1860 1860w\" sizes=\"auto, (max-width: 620px) 100vw, 620px\" \/><\/a><figcaption>V\u00edtek a&nbsp;jeho k\u0159\u00eddlovka<\/figcaption><\/figure><\/li><\/ul>\n\n\n\n<div class=\"wp-block-file\"><a href=\"http:\/\/www.sborissimo.cz\/wp-content\/uploads\/2019\/01\/Sbor_V\u00e1noce2019_Orl\u00edk_A3.pdf\">Plak\u00e1t_Orl\u00edk<\/a><a href=\"http:\/\/www.sborissimo.cz\/wp-content\/uploads\/2019\/01\/Sbor_V\u00e1noce2019_Orl\u00edk_A3.pdf\" class=\"wp-block-file__button\" download>St\u00e1hnout<\/a><\/div>\n","protected":false},"excerpt":{"rendered":"<p>Na\u0161e v\u00e1no\u010dn\u00ed koncertov\u00e1n\u00ed jsme zah\u00e1jili v&nbsp;sobotu 22.&nbsp;12.&nbsp;2018 zp\u00edv\u00e1n\u00edm v&nbsp;seniorsk\u00e9m dom\u011b. Hned pot\u00e9 jsme se p\u0159esunuli do obce Orl\u00edk nad Vltavou, kde prob\u00edhalo setk\u00e1n\u00ed u&nbsp;v\u00e1no\u010dn\u00edho stromu. Nejd\u0159\u00edve jsme nas\u00e1li milou atmosf\u00e9ru u&nbsp;\u017eiv\u00e9ho Betl\u00e9ma, kter\u00fd ztv\u00e1rnili m\u00edstn\u00ed ob\u010dan\u00e9. N\u00e1\u0161 koncert se konal v&nbsp;kostel\u00edku sv.&nbsp;Prokopa a&nbsp;byl v\u00fdjime\u010dn\u00fd zejm\u00e9na pro d\u011bti na\u0161ich sboristek, kter\u00e9 m\u011bly premi\u00e9ru sv\u00fdch vystoupen\u00ed. V&nbsp;\u00favodn\u00ed &hellip; <a href=\"https:\/\/www.sborissimo.cz\/index.php\/2018\/12\/22\/adventni-koncert-na-orliku\/\" class=\"more-link\">Continue reading <span class=\"screen-reader-text\">Adventn\u00ed koncert na Orl\u00edku<\/span><\/a><\/p>\n","protected":false},"author":1,"featured_media":1604,"comment_status":"closed","ping_status":"open","sticky":false,"template":"","format":"gallery","meta":{"jetpack_post_was_ever_published":false,"_jetpack_newsletter_access":"","_jetpack_dont_email_post_to_subs":false,"_jetpack_newsletter_tier_id":0,"_jetpack_memberships_contains_paywalled_content":false,"_jetpack_memberships_contains_paid_content":false,"footnotes":"","jetpack_publicize_message":"","jetpack_publicize_feature_enabled":true,"jetpack_social_post_already_shared":true,"jetpack_social_options":{"image_generator_settings":{"template":"highway","default_image_id":0,"font":"","enabled":false},"version":2}},"categories":[12],"tags":[39,21,47,38],"class_list":["post-1524","post","type-post","status-publish","format-gallery","has-post-thumbnail","hentry","category-advent","tag-advent","tag-jihoceske-koncerty","tag-orlik-nad-vltavou","tag-vanoce","post_format-post-format-gallery","with-featured-image"],"jetpack_publicize_connections":[],"jetpack_featured_media_url":"https:\/\/i0.wp.com\/www.sborissimo.cz\/wp-content\/uploads\/2018\/12\/Sb_webPr_V%C3%A1noce2018_1640x624.png?fit=1640%2C624&ssl=1","jetpack_sharing_enabled":true,"jetpack_shortlink":"https:\/\/wp.me\/p9ffX1-oA","jetpack_likes_enabled":true,"jetpack-related-posts":[{"id":2819,"url":"https:\/\/www.sborissimo.cz\/index.php\/2024\/12\/27\/adventni-koncerty-2024\/","url_meta":{"origin":1524,"position":0},"title":"Adventn\u00ed koncerty 2024","author":"sborissimo","date":"27. 12. 2024","format":"gallery","excerpt":"Na prosinec roku 2024 jsme p\u0159ipravili 4 adventn\u00ed koncerty, kter\u00fdmi jsme pot\u011b\u0161ili na\u0161e p\u0159\u00edznivce z P\u00edsku a bl\u00edzk\u00e9ho okol\u00ed.","rel":"","context":"In &quot;Advent&quot;","block_context":{"text":"Advent","link":"https:\/\/www.sborissimo.cz\/index.php\/category\/advent\/"},"img":{"alt_text":"","src":"https:\/\/i0.wp.com\/www.sborissimo.cz\/wp-content\/uploads\/2025\/01\/470247217_1148854893503655_4451903669696393558_n.jpg?fit=1200%2C747&ssl=1&resize=350%2C200","width":350,"height":200,"srcset":"https:\/\/i0.wp.com\/www.sborissimo.cz\/wp-content\/uploads\/2025\/01\/470247217_1148854893503655_4451903669696393558_n.jpg?fit=1200%2C747&ssl=1&resize=350%2C200 1x, https:\/\/i0.wp.com\/www.sborissimo.cz\/wp-content\/uploads\/2025\/01\/470247217_1148854893503655_4451903669696393558_n.jpg?fit=1200%2C747&ssl=1&resize=525%2C300 1.5x, https:\/\/i0.wp.com\/www.sborissimo.cz\/wp-content\/uploads\/2025\/01\/470247217_1148854893503655_4451903669696393558_n.jpg?fit=1200%2C747&ssl=1&resize=700%2C400 2x, https:\/\/i0.wp.com\/www.sborissimo.cz\/wp-content\/uploads\/2025\/01\/470247217_1148854893503655_4451903669696393558_n.jpg?fit=1200%2C747&ssl=1&resize=1050%2C600 3x"},"classes":[]},{"id":1948,"url":"https:\/\/www.sborissimo.cz\/index.php\/2019\/05\/26\/sborissimost-z-jicina-do-pisku\/","url_meta":{"origin":1524,"position":1},"title":"Sborissimost z&nbsp;Ji\u010d\u00edna do P\u00edsku","author":"sborissimo","date":"26. 5. 2019","format":"gallery","excerpt":"V\u00edkendem 24. - 26. kv\u011btna jsme se doslova prozp\u00edvali spole\u010dn\u011b s na\u0161\u00edm sp\u0159\u00e1telen\u00fdm sborem Smetana z Ji\u010d\u00edna.","rel":"","context":"In &quot;P\u00edsek&quot;","block_context":{"text":"P\u00edsek","link":"https:\/\/www.sborissimo.cz\/index.php\/category\/pisek\/"},"img":{"alt_text":"Sborissimost z Ji\u010d\u00edna do P\u00edsku","src":"https:\/\/i0.wp.com\/www.sborissimo.cz\/wp-content\/uploads\/2019\/06\/Sb_web_Smetana_1640x624.png?fit=1200%2C457&ssl=1&resize=350%2C200","width":350,"height":200,"srcset":"https:\/\/i0.wp.com\/www.sborissimo.cz\/wp-content\/uploads\/2019\/06\/Sb_web_Smetana_1640x624.png?fit=1200%2C457&ssl=1&resize=350%2C200 1x, https:\/\/i0.wp.com\/www.sborissimo.cz\/wp-content\/uploads\/2019\/06\/Sb_web_Smetana_1640x624.png?fit=1200%2C457&ssl=1&resize=525%2C300 1.5x, https:\/\/i0.wp.com\/www.sborissimo.cz\/wp-content\/uploads\/2019\/06\/Sb_web_Smetana_1640x624.png?fit=1200%2C457&ssl=1&resize=700%2C400 2x, https:\/\/i0.wp.com\/www.sborissimo.cz\/wp-content\/uploads\/2019\/06\/Sb_web_Smetana_1640x624.png?fit=1200%2C457&ssl=1&resize=1050%2C600 3x"},"classes":[]},{"id":2812,"url":"https:\/\/www.sborissimo.cz\/index.php\/2024\/06\/09\/leos-janacek-a-jizni-cechy-2024\/","url_meta":{"origin":1524,"position":2},"title":"Leo\u0161 Jan\u00e1\u010dek a&nbsp;Ji\u017en\u00ed \u010cechy 2024","author":"sborissimo","date":"9. 6. 2024","format":"gallery","excerpt":"Slavnostn\u00ed koncert Pocta Leo\u0161i Jan\u00e1\u010dkovi se uskute\u010dnil 9. \u010dervna 2024 v kostele Nejsv\u011bt\u011bj\u0161\u00ed Trojice.","rel":"","context":"In &quot;P\u00edsek&quot;","block_context":{"text":"P\u00edsek","link":"https:\/\/www.sborissimo.cz\/index.php\/category\/pisek\/"},"img":{"alt_text":"","src":"https:\/\/i0.wp.com\/www.sborissimo.cz\/wp-content\/uploads\/2025\/01\/bd5cc943b3ab6524a75fd0a044a78955.png?fit=1040%2C584&ssl=1&resize=350%2C200","width":350,"height":200,"srcset":"https:\/\/i0.wp.com\/www.sborissimo.cz\/wp-content\/uploads\/2025\/01\/bd5cc943b3ab6524a75fd0a044a78955.png?fit=1040%2C584&ssl=1&resize=350%2C200 1x, https:\/\/i0.wp.com\/www.sborissimo.cz\/wp-content\/uploads\/2025\/01\/bd5cc943b3ab6524a75fd0a044a78955.png?fit=1040%2C584&ssl=1&resize=525%2C300 1.5x, https:\/\/i0.wp.com\/www.sborissimo.cz\/wp-content\/uploads\/2025\/01\/bd5cc943b3ab6524a75fd0a044a78955.png?fit=1040%2C584&ssl=1&resize=700%2C400 2x"},"classes":[]},{"id":3519,"url":"https:\/\/www.sborissimo.cz\/index.php\/2026\/01\/31\/rok-2025-v-nasem-sboru\/","url_meta":{"origin":1524,"position":3},"title":"Rok 2025 v&nbsp;na\u0161em sboru","author":"sborissimo","date":"31. 1. 2026","format":"gallery","excerpt":"V roce 2025 jsme si zazp\u00edvali spole\u010dn\u011b se strakonick\u00fdm sborem Hlaso\u0148, z\u00fa\u010dastnili se slavnostn\u00edho koncertu \"Jan\u00e1\u010dk\u016fv ve\u010der po 100 letech,\" hudebn\u011b vy\u0161perkovali divadln\u00ed hru pod \u0161ir\u00fdm nebem \"Zv\u00edkovsk\u00fd rar\u00e1\u0161ek\" a nav\u00e1zali na mezisborov\u00e1 p\u0159\u00e1telstv\u00ed na festivalu ve Vod\u0148anech. Zapojili jsme se do vz\u00e1jemn\u00e9 podpory p\u00edseck\u00fdch spolk\u016f. Konec roku jsme tradi\u010dn\u011b\u2026","rel":"","context":"In &quot;Advent&quot;","block_context":{"text":"Advent","link":"https:\/\/www.sborissimo.cz\/index.php\/category\/advent\/"},"img":{"alt_text":"","src":"https:\/\/i0.wp.com\/www.sborissimo.cz\/wp-content\/uploads\/2026\/01\/847445ae-02c7-4910-99c3-47f42c47622b.jpeg?fit=1200%2C1102&ssl=1&resize=350%2C200","width":350,"height":200,"srcset":"https:\/\/i0.wp.com\/www.sborissimo.cz\/wp-content\/uploads\/2026\/01\/847445ae-02c7-4910-99c3-47f42c47622b.jpeg?fit=1200%2C1102&ssl=1&resize=350%2C200 1x, https:\/\/i0.wp.com\/www.sborissimo.cz\/wp-content\/uploads\/2026\/01\/847445ae-02c7-4910-99c3-47f42c47622b.jpeg?fit=1200%2C1102&ssl=1&resize=525%2C300 1.5x, https:\/\/i0.wp.com\/www.sborissimo.cz\/wp-content\/uploads\/2026\/01\/847445ae-02c7-4910-99c3-47f42c47622b.jpeg?fit=1200%2C1102&ssl=1&resize=700%2C400 2x, https:\/\/i0.wp.com\/www.sborissimo.cz\/wp-content\/uploads\/2026\/01\/847445ae-02c7-4910-99c3-47f42c47622b.jpeg?fit=1200%2C1102&ssl=1&resize=1050%2C600 3x"},"classes":[]},{"id":1250,"url":"https:\/\/www.sborissimo.cz\/index.php\/2018\/05\/16\/sborissimost-mezi-piskem-a-jicinem\/","url_meta":{"origin":1524,"position":4},"title":"SBORISSIMOST MEZI P\u00cdSKEM A&nbsp;JI\u010c\u00cdNEM","author":"sborissimo","date":"16. 5. 2018","format":"gallery","excerpt":"\u00a0\u201eMn\u011b to s\u00a0t\u00edm ban\u00e1nem fakt nejde!\u201c \u201eDo\u0161li jsme promokl\u00ed a\u017e na Kost.\u201c \u201eS\u00a0drakem!\u201c \u2013 \u201eNe! S\u00a0v\u011b\u017e\u00ed!\u201c T\u0159i nezapomenuteln\u00e9 v\u011bty vystihuj\u00ed t\u0159i nezapomenuteln\u00e9 dny ve m\u011bst\u011b Ji\u010d\u00edn\u011b. Pt\u00e1te se, kdo tam byl, pro\u010d a s\u00a0k\u00fdm? Tak si to p\u0159e\u010dt\u011bte cel\u00e9: Partnersk\u00e1 m\u011bsta P\u00edsek a Ji\u010d\u00edn podpo\u0159ila p\u0159\u00e1telstv\u00ed sv\u00fdch p\u011bveck\u00fdch sbor\u016f. Sborissimo\u2026","rel":"","context":"In &quot;Setk\u00e1n\u00ed&quot;","block_context":{"text":"Setk\u00e1n\u00ed","link":"https:\/\/www.sborissimo.cz\/index.php\/category\/setkani\/"},"img":{"alt_text":"","src":"https:\/\/i0.wp.com\/www.sborissimo.cz\/wp-content\/uploads\/2018\/05\/Sbor_web_blog_Jicin_1805-3.png?fit=1024%2C490&ssl=1&resize=350%2C200","width":350,"height":200,"srcset":"https:\/\/i0.wp.com\/www.sborissimo.cz\/wp-content\/uploads\/2018\/05\/Sbor_web_blog_Jicin_1805-3.png?fit=1024%2C490&ssl=1&resize=350%2C200 1x, https:\/\/i0.wp.com\/www.sborissimo.cz\/wp-content\/uploads\/2018\/05\/Sbor_web_blog_Jicin_1805-3.png?fit=1024%2C490&ssl=1&resize=525%2C300 1.5x, https:\/\/i0.wp.com\/www.sborissimo.cz\/wp-content\/uploads\/2018\/05\/Sbor_web_blog_Jicin_1805-3.png?fit=1024%2C490&ssl=1&resize=700%2C400 2x"},"classes":[]},{"id":857,"url":"https:\/\/www.sborissimo.cz\/index.php\/2017\/12\/29\/vanocni-koncerty-2017\/","url_meta":{"origin":1524,"position":5},"title":"V\u00c1NO\u010cN\u00cd KONCERTY 2017","author":"sborissimo","date":"29. 12. 2017","format":"gallery","excerpt":"Advent, Sborissimo a\u00a0Vy \u2013 na\u0161i p\u0159\u00edznivci, poslucha\u010di, p\u0159\u00e1tel\u00e9 a\u00a0rodiny.\u00a0 Op\u011bt jsme se setkali, abychom spole\u010dn\u011b vytvo\u0159ili kr\u00e1snou v\u00e1no\u010dn\u00ed atmosf\u00e9ru, zapomn\u011bli na shon a\u00a0starosti, poddali se hudb\u011b a\u00a0naladili si \u00fasm\u011bvy ve tv\u00e1\u0159\u00edch.\u00a0 Do programu jsme za\u0159adili\u00a0na\u0161e obl\u00edben\u00e9 v\u00e1no\u010dn\u00ed skladby z\u00a0r\u016fzn\u00fdch kout\u016f Evropy a\u00a0nov\u00fd spiritu\u00e1l \u201eRide the chariot.\u201c V\u00a0posledn\u00ed \u010d\u00e1sti koncertu jste\u2026","rel":"","context":"In &quot;Advent&quot;","block_context":{"text":"Advent","link":"https:\/\/www.sborissimo.cz\/index.php\/category\/advent\/"},"img":{"alt_text":"V\u00e1noce 2017","src":"https:\/\/i0.wp.com\/www.sborissimo.cz\/wp-content\/uploads\/2017\/12\/SB_web_V%C3%A1noce2017_1280x720-1.png?fit=1200%2C675&ssl=1&resize=350%2C200","width":350,"height":200,"srcset":"https:\/\/i0.wp.com\/www.sborissimo.cz\/wp-content\/uploads\/2017\/12\/SB_web_V%C3%A1noce2017_1280x720-1.png?fit=1200%2C675&ssl=1&resize=350%2C200 1x, https:\/\/i0.wp.com\/www.sborissimo.cz\/wp-content\/uploads\/2017\/12\/SB_web_V%C3%A1noce2017_1280x720-1.png?fit=1200%2C675&ssl=1&resize=525%2C300 1.5x, https:\/\/i0.wp.com\/www.sborissimo.cz\/wp-content\/uploads\/2017\/12\/SB_web_V%C3%A1noce2017_1280x720-1.png?fit=1200%2C675&ssl=1&resize=700%2C400 2x, https:\/\/i0.wp.com\/www.sborissimo.cz\/wp-content\/uploads\/2017\/12\/SB_web_V%C3%A1noce2017_1280x720-1.png?fit=1200%2C675&ssl=1&resize=1050%2C600 3x"},"classes":[]}],"_links":{"self":[{"href":"https:\/\/www.sborissimo.cz\/index.php\/wp-json\/wp\/v2\/posts\/1524","targetHints":{"allow":["GET"]}}],"collection":[{"href":"https:\/\/www.sborissimo.cz\/index.php\/wp-json\/wp\/v2\/posts"}],"about":[{"href":"https:\/\/www.sborissimo.cz\/index.php\/wp-json\/wp\/v2\/types\/post"}],"author":[{"embeddable":true,"href":"https:\/\/www.sborissimo.cz\/index.php\/wp-json\/wp\/v2\/users\/1"}],"replies":[{"embeddable":true,"href":"https:\/\/www.sborissimo.cz\/index.php\/wp-json\/wp\/v2\/comments?post=1524"}],"version-history":[{"count":9,"href":"https:\/\/www.sborissimo.cz\/index.php\/wp-json\/wp\/v2\/posts\/1524\/revisions"}],"predecessor-version":[{"id":1638,"href":"https:\/\/www.sborissimo.cz\/index.php\/wp-json\/wp\/v2\/posts\/1524\/revisions\/1638"}],"wp:featuredmedia":[{"embeddable":true,"href":"https:\/\/www.sborissimo.cz\/index.php\/wp-json\/wp\/v2\/media\/1604"}],"wp:attachment":[{"href":"https:\/\/www.sborissimo.cz\/index.php\/wp-json\/wp\/v2\/media?parent=1524"}],"wp:term":[{"taxonomy":"category","embeddable":true,"href":"https:\/\/www.sborissimo.cz\/index.php\/wp-json\/wp\/v2\/categories?post=1524"},{"taxonomy":"post_tag","embeddable":true,"href":"https:\/\/www.sborissimo.cz\/index.php\/wp-json\/wp\/v2\/tags?post=1524"}],"curies":[{"name":"wp","href":"https:\/\/api.w.org\/{rel}","templated":true}]}}