{"id":1645,"date":"2019-01-27T22:04:19","date_gmt":"2019-01-27T22:04:19","guid":{"rendered":"http:\/\/www.sborissimo.cz\/?p=1645"},"modified":"2019-06-02T16:10:39","modified_gmt":"2019-06-02T16:10:39","slug":"spolecne-s-fautores-flautae","status":"publish","type":"post","link":"https:\/\/www.sborissimo.cz\/index.php\/2019\/01\/27\/spolecne-s-fautores-flautae\/","title":{"rendered":"Spole\u010dn\u011b s&nbsp;Fautores Flautae"},"content":{"rendered":"\n<p>jsme pro\u017eili kr\u00e1sn\u00fd ned\u011bln\u00ed podve\u010der 27.&nbsp;ledna. P\u00edseck\u00e9 fl\u00e9tnov\u00e9 kvarteto n\u00e1s p\u0159izvalo na sv\u016fj tradi\u010dn\u00ed zimn\u00ed koncert v&nbsp;Trojici, abychom zp\u011bvn\u011b doplnili jejich komorn\u00ed vystoupen\u00ed.  <\/p>\n\n\n\n<p>Na reperto\u00e1r fl\u00e9tnist\u016f jsme plynule nav\u00e1zali na\u0161imi obl\u00edben\u00fdmi renesan\u010dn\u00edmi a&nbsp;lidov\u00fdmi p\u00edsn\u011bmi. Zazp\u00edvali jsme si p\u016fvodem francouzsk\u00e9 Tourdion, Pavana, Il est bel et bon, zasnili jsme se u&nbsp;\u010desk\u00e9 Co\u017e se mn\u011b, m\u00e1 mil\u00e1 a&nbsp;Kdy\u017e b\u016fh Jiho\u010dechy stvo\u0159il, roztou\u017eili se u&nbsp;moravsk\u00e9 Jak\u00fa sem si fraj\u00edrenku a&nbsp;nakonec se rozpar\u00e1dili slov\u00e1ck\u00fdm verbu\u0148kem Pred muzik\u00fa.<\/p>\n\n\n\n<p>Z\u00e1v\u011br koncertu m\u011bl pat\u0159it dv\u011bma p\u00edsn\u00edm v&nbsp;doprovodu fl\u00e9ten, ale publikum si vy\u017e\u00e1dalo je\u0161t\u011b dal\u0161\u00ed 3 p\u0159\u00eddavky! D\u011bkujeme za V\u00e1\u0161 potlesk a&nbsp;s&nbsp;pop\u011bvkem &#8222;V&nbsp;dobr\u00e9m jsme se se\u0161li, v&nbsp;dobr\u00e9m se rozejdem, ne\u017eli se rozejdem, je\u0161t\u011b si zap\u011bjem, podruh\u00e9 zas p\u0159ijdem&#8220; se na V\u00e1s t\u011b\u0161\u00edme zase p\u0159\u00ed\u0161t\u011b!<\/p>\n\n\n\n<hr class=\"wp-block-separator\"\/>\n\n\n\n<p>Fl\u00e9tnov\u00fd soubor Fautores Flautae hraje ve slo\u017een\u00ed Petra a&nbsp;V\u00e1clav Holubovi, Rudolf P\u0159ib a&nbsp;Martin Hl\u00eddek.<\/p>\n\n\n\n<p>Koncert v&nbsp;kapli sv.&nbsp;Trojice uspo\u0159\u00e1dalo Centrum kultury M\u011bsta P\u00edsek.<\/p>\n\n\n\n<hr class=\"wp-block-separator\"\/>\n\n\n\n<figure class=\"wp-block-embed-youtube wp-block-embed is-type-video is-provider-youtube wp-embed-aspect-16-9 wp-has-aspect-ratio\"><div class=\"wp-block-embed__wrapper\">\n<div class=\"jetpack-video-wrapper\"><iframe loading=\"lazy\" title=\"El\u0161ko mil\u00e1, l\u00edbezn\u00e1\" width=\"620\" height=\"349\" src=\"https:\/\/www.youtube.com\/embed\/2RnbxeTont0?feature=oembed\" frameborder=\"0\" allow=\"accelerometer; autoplay; clipboard-write; encrypted-media; gyroscope; picture-in-picture; web-share\" referrerpolicy=\"strict-origin-when-cross-origin\" allowfullscreen><\/iframe><\/div>\n<\/div><figcaption>Spole\u010dn\u00e1 z\u00e1v\u011bre\u010dn\u00e1 p\u00edse\u0148 &#8222;El\u0161ko mil\u00e1&#8220;<\/figcaption><\/figure>\n\n\n\n<ul class=\"wp-block-gallery columns-0 is-cropped wp-block-gallery-1 is-layout-flex wp-block-gallery-is-layout-flex\"><\/ul>\n","protected":false},"excerpt":{"rendered":"<p>jsme pro\u017eili kr\u00e1sn\u00fd ned\u011bln\u00ed podve\u010der 27.&nbsp;ledna. P\u00edseck\u00e9 fl\u00e9tnov\u00e9 kvarteto n\u00e1s p\u0159izvalo na sv\u016fj tradi\u010dn\u00ed zimn\u00ed koncert v&nbsp;Trojici, abychom zp\u011bvn\u011b doplnili jejich komorn\u00ed vystoupen\u00ed.<\/p>\n","protected":false},"author":1,"featured_media":1656,"comment_status":"closed","ping_status":"open","sticky":false,"template":"","format":"gallery","meta":{"jetpack_post_was_ever_published":false,"_jetpack_newsletter_access":"","_jetpack_dont_email_post_to_subs":false,"_jetpack_newsletter_tier_id":0,"_jetpack_memberships_contains_paywalled_content":false,"_jetpack_memberships_contains_paid_content":false,"footnotes":"","jetpack_publicize_message":"","jetpack_publicize_feature_enabled":true,"jetpack_social_post_already_shared":true,"jetpack_social_options":{"image_generator_settings":{"template":"highway","default_image_id":0,"font":"","enabled":false},"version":2}},"categories":[8,13],"tags":[49,17,50,42],"class_list":["post-1645","post","type-post","status-publish","format-gallery","has-post-thumbnail","hentry","category-pisek","category-setkani","tag-fautores-flautae","tag-kaple-sv-trojice","tag-renesance","tag-spolecne","post_format-post-format-gallery","with-featured-image"],"jetpack_publicize_connections":[],"jetpack_featured_media_url":"https:\/\/i0.wp.com\/www.sborissimo.cz\/wp-content\/uploads\/2019\/01\/Sb_web_posts_1640x624.png?fit=1640%2C624&ssl=1","jetpack_sharing_enabled":true,"jetpack_shortlink":"https:\/\/wp.me\/p9ffX1-qx","jetpack_likes_enabled":true,"jetpack-related-posts":[{"id":1948,"url":"https:\/\/www.sborissimo.cz\/index.php\/2019\/05\/26\/sborissimost-z-jicina-do-pisku\/","url_meta":{"origin":1645,"position":0},"title":"Sborissimost z&nbsp;Ji\u010d\u00edna do P\u00edsku","author":"sborissimo","date":"26. 5. 2019","format":"gallery","excerpt":"V\u00edkendem 24. - 26. kv\u011btna jsme se doslova prozp\u00edvali spole\u010dn\u011b s na\u0161\u00edm sp\u0159\u00e1telen\u00fdm sborem Smetana z Ji\u010d\u00edna.","rel":"","context":"In &quot;P\u00edsek&quot;","block_context":{"text":"P\u00edsek","link":"https:\/\/www.sborissimo.cz\/index.php\/category\/pisek\/"},"img":{"alt_text":"Sborissimost z Ji\u010d\u00edna do P\u00edsku","src":"https:\/\/i0.wp.com\/www.sborissimo.cz\/wp-content\/uploads\/2019\/06\/Sb_web_Smetana_1640x624.png?fit=1200%2C457&ssl=1&resize=350%2C200","width":350,"height":200,"srcset":"https:\/\/i0.wp.com\/www.sborissimo.cz\/wp-content\/uploads\/2019\/06\/Sb_web_Smetana_1640x624.png?fit=1200%2C457&ssl=1&resize=350%2C200 1x, https:\/\/i0.wp.com\/www.sborissimo.cz\/wp-content\/uploads\/2019\/06\/Sb_web_Smetana_1640x624.png?fit=1200%2C457&ssl=1&resize=525%2C300 1.5x, https:\/\/i0.wp.com\/www.sborissimo.cz\/wp-content\/uploads\/2019\/06\/Sb_web_Smetana_1640x624.png?fit=1200%2C457&ssl=1&resize=700%2C400 2x, https:\/\/i0.wp.com\/www.sborissimo.cz\/wp-content\/uploads\/2019\/06\/Sb_web_Smetana_1640x624.png?fit=1200%2C457&ssl=1&resize=1050%2C600 3x"},"classes":[]},{"id":1250,"url":"https:\/\/www.sborissimo.cz\/index.php\/2018\/05\/16\/sborissimost-mezi-piskem-a-jicinem\/","url_meta":{"origin":1645,"position":1},"title":"SBORISSIMOST MEZI P\u00cdSKEM A&nbsp;JI\u010c\u00cdNEM","author":"sborissimo","date":"16. 5. 2018","format":"gallery","excerpt":"\u00a0\u201eMn\u011b to s\u00a0t\u00edm ban\u00e1nem fakt nejde!\u201c \u201eDo\u0161li jsme promokl\u00ed a\u017e na Kost.\u201c \u201eS\u00a0drakem!\u201c \u2013 \u201eNe! S\u00a0v\u011b\u017e\u00ed!\u201c T\u0159i nezapomenuteln\u00e9 v\u011bty vystihuj\u00ed t\u0159i nezapomenuteln\u00e9 dny ve m\u011bst\u011b Ji\u010d\u00edn\u011b. Pt\u00e1te se, kdo tam byl, pro\u010d a s\u00a0k\u00fdm? Tak si to p\u0159e\u010dt\u011bte cel\u00e9: Partnersk\u00e1 m\u011bsta P\u00edsek a Ji\u010d\u00edn podpo\u0159ila p\u0159\u00e1telstv\u00ed sv\u00fdch p\u011bveck\u00fdch sbor\u016f. Sborissimo\u2026","rel":"","context":"In &quot;Setk\u00e1n\u00ed&quot;","block_context":{"text":"Setk\u00e1n\u00ed","link":"https:\/\/www.sborissimo.cz\/index.php\/category\/setkani\/"},"img":{"alt_text":"","src":"https:\/\/i0.wp.com\/www.sborissimo.cz\/wp-content\/uploads\/2018\/05\/Sbor_web_blog_Jicin_1805-3.png?fit=1024%2C490&ssl=1&resize=350%2C200","width":350,"height":200,"srcset":"https:\/\/i0.wp.com\/www.sborissimo.cz\/wp-content\/uploads\/2018\/05\/Sbor_web_blog_Jicin_1805-3.png?fit=1024%2C490&ssl=1&resize=350%2C200 1x, https:\/\/i0.wp.com\/www.sborissimo.cz\/wp-content\/uploads\/2018\/05\/Sbor_web_blog_Jicin_1805-3.png?fit=1024%2C490&ssl=1&resize=525%2C300 1.5x, https:\/\/i0.wp.com\/www.sborissimo.cz\/wp-content\/uploads\/2018\/05\/Sbor_web_blog_Jicin_1805-3.png?fit=1024%2C490&ssl=1&resize=700%2C400 2x"},"classes":[]},{"id":857,"url":"https:\/\/www.sborissimo.cz\/index.php\/2017\/12\/29\/vanocni-koncerty-2017\/","url_meta":{"origin":1645,"position":2},"title":"V\u00c1NO\u010cN\u00cd KONCERTY 2017","author":"sborissimo","date":"29. 12. 2017","format":"gallery","excerpt":"Advent, Sborissimo a\u00a0Vy \u2013 na\u0161i p\u0159\u00edznivci, poslucha\u010di, p\u0159\u00e1tel\u00e9 a\u00a0rodiny.\u00a0 Op\u011bt jsme se setkali, abychom spole\u010dn\u011b vytvo\u0159ili kr\u00e1snou v\u00e1no\u010dn\u00ed atmosf\u00e9ru, zapomn\u011bli na shon a\u00a0starosti, poddali se hudb\u011b a\u00a0naladili si \u00fasm\u011bvy ve tv\u00e1\u0159\u00edch.\u00a0 Do programu jsme za\u0159adili\u00a0na\u0161e obl\u00edben\u00e9 v\u00e1no\u010dn\u00ed skladby z\u00a0r\u016fzn\u00fdch kout\u016f Evropy a\u00a0nov\u00fd spiritu\u00e1l \u201eRide the chariot.\u201c V\u00a0posledn\u00ed \u010d\u00e1sti koncertu jste\u2026","rel":"","context":"In &quot;Advent&quot;","block_context":{"text":"Advent","link":"https:\/\/www.sborissimo.cz\/index.php\/category\/advent\/"},"img":{"alt_text":"V\u00e1noce 2017","src":"https:\/\/i0.wp.com\/www.sborissimo.cz\/wp-content\/uploads\/2017\/12\/SB_web_V%C3%A1noce2017_1280x720-1.png?fit=1200%2C675&ssl=1&resize=350%2C200","width":350,"height":200,"srcset":"https:\/\/i0.wp.com\/www.sborissimo.cz\/wp-content\/uploads\/2017\/12\/SB_web_V%C3%A1noce2017_1280x720-1.png?fit=1200%2C675&ssl=1&resize=350%2C200 1x, https:\/\/i0.wp.com\/www.sborissimo.cz\/wp-content\/uploads\/2017\/12\/SB_web_V%C3%A1noce2017_1280x720-1.png?fit=1200%2C675&ssl=1&resize=525%2C300 1.5x, https:\/\/i0.wp.com\/www.sborissimo.cz\/wp-content\/uploads\/2017\/12\/SB_web_V%C3%A1noce2017_1280x720-1.png?fit=1200%2C675&ssl=1&resize=700%2C400 2x, https:\/\/i0.wp.com\/www.sborissimo.cz\/wp-content\/uploads\/2017\/12\/SB_web_V%C3%A1noce2017_1280x720-1.png?fit=1200%2C675&ssl=1&resize=1050%2C600 3x"},"classes":[]},{"id":3519,"url":"https:\/\/www.sborissimo.cz\/index.php\/2026\/01\/31\/rok-2025-v-nasem-sboru\/","url_meta":{"origin":1645,"position":3},"title":"Rok 2025 v&nbsp;na\u0161em sboru","author":"sborissimo","date":"31. 1. 2026","format":"gallery","excerpt":"V roce 2025 jsme si zazp\u00edvali spole\u010dn\u011b se strakonick\u00fdm sborem Hlaso\u0148, z\u00fa\u010dastnili se slavnostn\u00edho koncertu \"Jan\u00e1\u010dk\u016fv ve\u010der po 100 letech,\" hudebn\u011b vy\u0161perkovali divadln\u00ed hru pod \u0161ir\u00fdm nebem \"Zv\u00edkovsk\u00fd rar\u00e1\u0161ek\" a nav\u00e1zali na mezisborov\u00e1 p\u0159\u00e1telstv\u00ed na festivalu ve Vod\u0148anech. Zapojili jsme se do vz\u00e1jemn\u00e9 podpory p\u00edseck\u00fdch spolk\u016f. Konec roku jsme tradi\u010dn\u011b\u2026","rel":"","context":"In &quot;Advent&quot;","block_context":{"text":"Advent","link":"https:\/\/www.sborissimo.cz\/index.php\/category\/advent\/"},"img":{"alt_text":"","src":"https:\/\/i0.wp.com\/www.sborissimo.cz\/wp-content\/uploads\/2026\/01\/847445ae-02c7-4910-99c3-47f42c47622b.jpeg?fit=1200%2C1102&ssl=1&resize=350%2C200","width":350,"height":200,"srcset":"https:\/\/i0.wp.com\/www.sborissimo.cz\/wp-content\/uploads\/2026\/01\/847445ae-02c7-4910-99c3-47f42c47622b.jpeg?fit=1200%2C1102&ssl=1&resize=350%2C200 1x, https:\/\/i0.wp.com\/www.sborissimo.cz\/wp-content\/uploads\/2026\/01\/847445ae-02c7-4910-99c3-47f42c47622b.jpeg?fit=1200%2C1102&ssl=1&resize=525%2C300 1.5x, https:\/\/i0.wp.com\/www.sborissimo.cz\/wp-content\/uploads\/2026\/01\/847445ae-02c7-4910-99c3-47f42c47622b.jpeg?fit=1200%2C1102&ssl=1&resize=700%2C400 2x, https:\/\/i0.wp.com\/www.sborissimo.cz\/wp-content\/uploads\/2026\/01\/847445ae-02c7-4910-99c3-47f42c47622b.jpeg?fit=1200%2C1102&ssl=1&resize=1050%2C600 3x"},"classes":[]},{"id":837,"url":"https:\/\/www.sborissimo.cz\/index.php\/2017\/08\/25\/zvikovsky-rarasek\/","url_meta":{"origin":1645,"position":4},"title":"25.&nbsp;8.&nbsp;2017 ZV\u00cdKOVSK\u00dd RAR\u00c1\u0160EK","author":"sborissimo","date":"25. 8. 2017","format":"gallery","excerpt":"L\u00c9TO JSME ZAKON\u010cILI SPOLE\u010cN\u011a S\u00a0DIVADELN\u00cdM SPOLKEM PR\u00c1CHE\u0147SK\u00c1 SC\u00c9NA NA HRAD\u011a ZV\u00cdKOV V p\u00e1tek 25.\u00a08.\u00a02017 jsme se poprv\u00e9 stali sou\u010d\u00e1st\u00ed divadeln\u00ed hry. Komickou jednoaktovkou Ladislava Stroupe\u017enick\u00e9ho \u201eZv\u00edkovsk\u00fd Rar\u00e1\u0161ek,\u201c zakon\u010dila Pr\u00e1che\u0148sk\u00e1 sc\u00e9na Zv\u00edkovsk\u00e9 divadeln\u00ed l\u00e9to. A\u00a0my jsme mohli b\u00fdt p\u0159i\u00a0tom! Spojen\u00ed \u00fa\u017easn\u00fdch v\u00fdkon\u016f p\u00edseck\u00fdch divadeln\u00edk\u016f s\u00a0na\u0161\u00edm renesan\u010dn\u00edm reperto\u00e1rem m\u011blo v\u00a0mystick\u00e9m prost\u0159ed\u00ed hradu\u2026","rel":"","context":"In &quot;Z\u00e1jezdy&quot;","block_context":{"text":"Z\u00e1jezdy","link":"https:\/\/www.sborissimo.cz\/index.php\/category\/zajezdy\/"},"img":{"alt_text":"Sborissimo na Zv\u00edkov\u011b","src":"https:\/\/i0.wp.com\/www.sborissimo.cz\/wp-content\/uploads\/2017\/08\/SB_web_Zvikov_1280x720.png?fit=1200%2C675&ssl=1&resize=350%2C200","width":350,"height":200,"srcset":"https:\/\/i0.wp.com\/www.sborissimo.cz\/wp-content\/uploads\/2017\/08\/SB_web_Zvikov_1280x720.png?fit=1200%2C675&ssl=1&resize=350%2C200 1x, https:\/\/i0.wp.com\/www.sborissimo.cz\/wp-content\/uploads\/2017\/08\/SB_web_Zvikov_1280x720.png?fit=1200%2C675&ssl=1&resize=525%2C300 1.5x, https:\/\/i0.wp.com\/www.sborissimo.cz\/wp-content\/uploads\/2017\/08\/SB_web_Zvikov_1280x720.png?fit=1200%2C675&ssl=1&resize=700%2C400 2x, https:\/\/i0.wp.com\/www.sborissimo.cz\/wp-content\/uploads\/2017\/08\/SB_web_Zvikov_1280x720.png?fit=1200%2C675&ssl=1&resize=1050%2C600 3x"},"classes":[]},{"id":1366,"url":"https:\/\/www.sborissimo.cz\/index.php\/2018\/09\/05\/spolecny-koncert-s-musica-oeconomica-pragensis\/","url_meta":{"origin":1645,"position":5},"title":"Spole\u010dn\u00fd koncert s&nbsp;Musica Oeconomica Pragensis","author":"sborissimo","date":"5. 9. 2018","format":"gallery","excerpt":"V r\u00e1mci programu na m\u011bstsk\u00fdch slavnostech \"Dotkni se P\u00edsku,\" jste si n\u00e1s mohli p\u0159ij\u00edt poslechnout v p\u00e1tek 8. 6. 2018 do kostela Nejsv\u011bt\u011bj\u0161\u00ed Trojice.\u00a0 Uspo\u0159\u00e1dali jsme spole\u010dn\u00fd koncert Sborissima a pra\u017esk\u00e9ho sboru Musica oeconomica Pragensis,\u00a0 kter\u00fd st\u00e1l opravdu za to! Se \u010dleny p\u011bveck\u00e9ho sboru Vysok\u00e9 \u0161koly ekonomick\u00e9 Musica Oeconomica Pragensis\u2026","rel":"","context":"In &quot;P\u00edsek&quot;","block_context":{"text":"P\u00edsek","link":"https:\/\/www.sborissimo.cz\/index.php\/category\/pisek\/"},"img":{"alt_text":"","src":"https:\/\/i0.wp.com\/www.sborissimo.cz\/wp-content\/uploads\/2017\/09\/IMG_2589-e1526597001740.jpg?fit=1200%2C650&ssl=1&resize=350%2C200","width":350,"height":200,"srcset":"https:\/\/i0.wp.com\/www.sborissimo.cz\/wp-content\/uploads\/2017\/09\/IMG_2589-e1526597001740.jpg?fit=1200%2C650&ssl=1&resize=350%2C200 1x, https:\/\/i0.wp.com\/www.sborissimo.cz\/wp-content\/uploads\/2017\/09\/IMG_2589-e1526597001740.jpg?fit=1200%2C650&ssl=1&resize=525%2C300 1.5x, https:\/\/i0.wp.com\/www.sborissimo.cz\/wp-content\/uploads\/2017\/09\/IMG_2589-e1526597001740.jpg?fit=1200%2C650&ssl=1&resize=700%2C400 2x, https:\/\/i0.wp.com\/www.sborissimo.cz\/wp-content\/uploads\/2017\/09\/IMG_2589-e1526597001740.jpg?fit=1200%2C650&ssl=1&resize=1050%2C600 3x"},"classes":[]}],"_links":{"self":[{"href":"https:\/\/www.sborissimo.cz\/index.php\/wp-json\/wp\/v2\/posts\/1645","targetHints":{"allow":["GET"]}}],"collection":[{"href":"https:\/\/www.sborissimo.cz\/index.php\/wp-json\/wp\/v2\/posts"}],"about":[{"href":"https:\/\/www.sborissimo.cz\/index.php\/wp-json\/wp\/v2\/types\/post"}],"author":[{"embeddable":true,"href":"https:\/\/www.sborissimo.cz\/index.php\/wp-json\/wp\/v2\/users\/1"}],"replies":[{"embeddable":true,"href":"https:\/\/www.sborissimo.cz\/index.php\/wp-json\/wp\/v2\/comments?post=1645"}],"version-history":[{"count":17,"href":"https:\/\/www.sborissimo.cz\/index.php\/wp-json\/wp\/v2\/posts\/1645\/revisions"}],"predecessor-version":[{"id":1993,"href":"https:\/\/www.sborissimo.cz\/index.php\/wp-json\/wp\/v2\/posts\/1645\/revisions\/1993"}],"wp:featuredmedia":[{"embeddable":true,"href":"https:\/\/www.sborissimo.cz\/index.php\/wp-json\/wp\/v2\/media\/1656"}],"wp:attachment":[{"href":"https:\/\/www.sborissimo.cz\/index.php\/wp-json\/wp\/v2\/media?parent=1645"}],"wp:term":[{"taxonomy":"category","embeddable":true,"href":"https:\/\/www.sborissimo.cz\/index.php\/wp-json\/wp\/v2\/categories?post=1645"},{"taxonomy":"post_tag","embeddable":true,"href":"https:\/\/www.sborissimo.cz\/index.php\/wp-json\/wp\/v2\/tags?post=1645"}],"curies":[{"name":"wp","href":"https:\/\/api.w.org\/{rel}","templated":true}]}}