{"id":2375,"date":"2019-08-17T23:19:42","date_gmt":"2019-08-17T23:19:42","guid":{"rendered":"http:\/\/www.sborissimo.cz\/?p=2375"},"modified":"2019-12-02T23:58:15","modified_gmt":"2019-12-02T23:58:15","slug":"zpivajici-mlyn","status":"publish","type":"post","link":"https:\/\/www.sborissimo.cz\/index.php\/2019\/08\/17\/zpivajici-mlyn\/","title":{"rendered":"Zp\u00edvaj\u00edc\u00ed ml\u00fdn"},"content":{"rendered":"\n<p>17.&nbsp;srpna 2019 jsme se stali sou\u010d\u00e1st\u00ed Zp\u00edvaj\u00edc\u00edho ml\u00fdna pana dirigenta Old\u0159icha Vl\u010dka v&nbsp;Doln\u00edch Nerestc\u00edch. P\u0159esto\u017ee po\u010das\u00ed koncertu v&nbsp;otev\u0159en\u00e9mu amfit\u00e9atru p\u0159\u00edli\u0161 nep\u0159\u00e1lo, byla to pro n\u00e1s zaj\u00edmav\u00e1 zku\u0161enost.<\/p>\n\n\n\n<p> Dirigent a&nbsp;pr\u016fvodce ve\u010dera: Old\u0159ich Vl\u010dek<\/p>\n\n\n\n<p>\u00da\u010dinkuj\u00edc\u00ed:<\/p>\n\n\n\n<ul class=\"wp-block-list\"><li>tane\u010dnice SHAHINEZ<\/li><li>VIRTUOSI DI PRAGA a&nbsp;P\u00cdSECK\u00dd KOMORN\u00cd ORCHESTR<\/li><li>SBORISSIMO a&nbsp;Canto NEPOMUCENUM<\/li><li>s\u00f3list\u00e9: JAN MEISL, MICHELL KATRAK, OND\u0158EJ SEJKORA, LEO\u0160 VORONIN<\/li><li>country skupina SOUSED\u00c9 <\/li><\/ul>\n\n\n\n<p><br><\/p>\n\n\n\n<ul class=\"wp-block-gallery columns-1 is-cropped wp-block-gallery-1 is-layout-flex wp-block-gallery-is-layout-flex\"><li class=\"blocks-gallery-item\"><figure><img data-recalc-dims=\"1\" loading=\"lazy\" decoding=\"async\" width=\"620\" height=\"878\" data-attachment-id=\"2185\" data-permalink=\"https:\/\/www.sborissimo.cz\/index.php\/koncerty\/zpivajici_mlyn_2019\/#main\" data-orig-file=\"https:\/\/i0.wp.com\/www.sborissimo.cz\/wp-content\/uploads\/2019\/06\/Zp%C3%ADvaj%C3%ADc%C3%AD_ml%C3%BDn_2019.png?fit=793%2C1123&amp;ssl=1\" data-orig-size=\"793,1123\" data-comments-opened=\"1\" data-image-meta=\"{&quot;aperture&quot;:&quot;0&quot;,&quot;credit&quot;:&quot;&quot;,&quot;camera&quot;:&quot;&quot;,&quot;caption&quot;:&quot;&quot;,&quot;created_timestamp&quot;:&quot;0&quot;,&quot;copyright&quot;:&quot;&quot;,&quot;focal_length&quot;:&quot;0&quot;,&quot;iso&quot;:&quot;0&quot;,&quot;shutter_speed&quot;:&quot;0&quot;,&quot;title&quot;:&quot;&quot;,&quot;orientation&quot;:&quot;0&quot;}\" data-image-title=\"Zp\u00edvaj\u00edc\u00ed_ml\u00fdn_2019\" data-image-description=\"\" data-image-caption=\"\" data-medium-file=\"https:\/\/i0.wp.com\/www.sborissimo.cz\/wp-content\/uploads\/2019\/06\/Zp%C3%ADvaj%C3%ADc%C3%AD_ml%C3%BDn_2019.png?fit=212%2C300&amp;ssl=1\" data-large-file=\"https:\/\/i0.wp.com\/www.sborissimo.cz\/wp-content\/uploads\/2019\/06\/Zp%C3%ADvaj%C3%ADc%C3%AD_ml%C3%BDn_2019.png?fit=620%2C878&amp;ssl=1\" src=\"https:\/\/i0.wp.com\/www.sborissimo.cz\/wp-content\/uploads\/2019\/06\/Zp%C3%ADvaj%C3%ADc%C3%AD_ml%C3%BDn_2019.png?resize=620%2C878\" alt=\"ml\u00fdn Nerestce\" data-id=\"2185\" data-link=\"http:\/\/www.sborissimo.cz\/index.php\/koncerty\/zpivajici_mlyn_2019\/#main\" class=\"wp-image-2185\" srcset=\"https:\/\/i0.wp.com\/www.sborissimo.cz\/wp-content\/uploads\/2019\/06\/Zp%C3%ADvaj%C3%ADc%C3%AD_ml%C3%BDn_2019.png?resize=723%2C1024&amp;ssl=1 723w, https:\/\/i0.wp.com\/www.sborissimo.cz\/wp-content\/uploads\/2019\/06\/Zp%C3%ADvaj%C3%ADc%C3%AD_ml%C3%BDn_2019.png?resize=212%2C300&amp;ssl=1 212w, https:\/\/i0.wp.com\/www.sborissimo.cz\/wp-content\/uploads\/2019\/06\/Zp%C3%ADvaj%C3%ADc%C3%AD_ml%C3%BDn_2019.png?resize=768%2C1088&amp;ssl=1 768w, https:\/\/i0.wp.com\/www.sborissimo.cz\/wp-content\/uploads\/2019\/06\/Zp%C3%ADvaj%C3%ADc%C3%AD_ml%C3%BDn_2019.png?resize=268%2C380&amp;ssl=1 268w, https:\/\/i0.wp.com\/www.sborissimo.cz\/wp-content\/uploads\/2019\/06\/Zp%C3%ADvaj%C3%ADc%C3%AD_ml%C3%BDn_2019.png?w=793&amp;ssl=1 793w\" sizes=\"auto, (max-width: 620px) 100vw, 620px\" \/><\/figure><\/li><\/ul>\n","protected":false},"excerpt":{"rendered":"<p>17.&nbsp;srpna jsme se stali sou\u010d\u00e1st\u00ed Zp\u00edvaj\u00edc\u00edho ml\u00fdna pana dirigenta Old\u0159icha Vl\u010dka v&nbsp;Doln\u00edch Nerestc\u00edch.<\/p>\n","protected":false},"author":1,"featured_media":2516,"comment_status":"closed","ping_status":"open","sticky":false,"template":"","format":"gallery","meta":{"jetpack_post_was_ever_published":false,"_jetpack_newsletter_access":"","_jetpack_dont_email_post_to_subs":false,"_jetpack_newsletter_tier_id":0,"_jetpack_memberships_contains_paywalled_content":false,"_jetpack_memberships_contains_paid_content":false,"footnotes":"","jetpack_publicize_message":"","jetpack_publicize_feature_enabled":true,"jetpack_social_post_already_shared":true,"jetpack_social_options":{"image_generator_settings":{"template":"highway","default_image_id":0,"font":"","enabled":false},"version":2}},"categories":[8],"tags":[],"class_list":["post-2375","post","type-post","status-publish","format-gallery","has-post-thumbnail","hentry","category-pisek","post_format-post-format-gallery","with-featured-image"],"jetpack_publicize_connections":[],"jetpack_featured_media_url":"https:\/\/i0.wp.com\/www.sborissimo.cz\/wp-content\/uploads\/2019\/08\/Ml%C3%BDn2019.png?fit=1640%2C624&ssl=1","jetpack_sharing_enabled":true,"jetpack_shortlink":"https:\/\/wp.me\/p9ffX1-Cj","jetpack_likes_enabled":true,"jetpack-related-posts":[{"id":837,"url":"https:\/\/www.sborissimo.cz\/index.php\/2017\/08\/25\/zvikovsky-rarasek\/","url_meta":{"origin":2375,"position":0},"title":"25.&nbsp;8.&nbsp;2017 ZV\u00cdKOVSK\u00dd RAR\u00c1\u0160EK","author":"sborissimo","date":"25. 8. 2017","format":"gallery","excerpt":"L\u00c9TO JSME ZAKON\u010cILI SPOLE\u010cN\u011a S\u00a0DIVADELN\u00cdM SPOLKEM PR\u00c1CHE\u0147SK\u00c1 SC\u00c9NA NA HRAD\u011a ZV\u00cdKOV V p\u00e1tek 25.\u00a08.\u00a02017 jsme se poprv\u00e9 stali sou\u010d\u00e1st\u00ed divadeln\u00ed hry. Komickou jednoaktovkou Ladislava Stroupe\u017enick\u00e9ho \u201eZv\u00edkovsk\u00fd Rar\u00e1\u0161ek,\u201c zakon\u010dila Pr\u00e1che\u0148sk\u00e1 sc\u00e9na Zv\u00edkovsk\u00e9 divadeln\u00ed l\u00e9to. A\u00a0my jsme mohli b\u00fdt p\u0159i\u00a0tom! Spojen\u00ed \u00fa\u017easn\u00fdch v\u00fdkon\u016f p\u00edseck\u00fdch divadeln\u00edk\u016f s\u00a0na\u0161\u00edm renesan\u010dn\u00edm reperto\u00e1rem m\u011blo v\u00a0mystick\u00e9m prost\u0159ed\u00ed hradu\u2026","rel":"","context":"In &quot;Z\u00e1jezdy&quot;","block_context":{"text":"Z\u00e1jezdy","link":"https:\/\/www.sborissimo.cz\/index.php\/category\/zajezdy\/"},"img":{"alt_text":"Sborissimo na Zv\u00edkov\u011b","src":"https:\/\/i0.wp.com\/www.sborissimo.cz\/wp-content\/uploads\/2017\/08\/SB_web_Zvikov_1280x720.png?fit=1200%2C675&ssl=1&resize=350%2C200","width":350,"height":200,"srcset":"https:\/\/i0.wp.com\/www.sborissimo.cz\/wp-content\/uploads\/2017\/08\/SB_web_Zvikov_1280x720.png?fit=1200%2C675&ssl=1&resize=350%2C200 1x, https:\/\/i0.wp.com\/www.sborissimo.cz\/wp-content\/uploads\/2017\/08\/SB_web_Zvikov_1280x720.png?fit=1200%2C675&ssl=1&resize=525%2C300 1.5x, https:\/\/i0.wp.com\/www.sborissimo.cz\/wp-content\/uploads\/2017\/08\/SB_web_Zvikov_1280x720.png?fit=1200%2C675&ssl=1&resize=700%2C400 2x, https:\/\/i0.wp.com\/www.sborissimo.cz\/wp-content\/uploads\/2017\/08\/SB_web_Zvikov_1280x720.png?fit=1200%2C675&ssl=1&resize=1050%2C600 3x"},"classes":[]},{"id":857,"url":"https:\/\/www.sborissimo.cz\/index.php\/2017\/12\/29\/vanocni-koncerty-2017\/","url_meta":{"origin":2375,"position":1},"title":"V\u00c1NO\u010cN\u00cd KONCERTY 2017","author":"sborissimo","date":"29. 12. 2017","format":"gallery","excerpt":"Advent, Sborissimo a\u00a0Vy \u2013 na\u0161i p\u0159\u00edznivci, poslucha\u010di, p\u0159\u00e1tel\u00e9 a\u00a0rodiny.\u00a0 Op\u011bt jsme se setkali, abychom spole\u010dn\u011b vytvo\u0159ili kr\u00e1snou v\u00e1no\u010dn\u00ed atmosf\u00e9ru, zapomn\u011bli na shon a\u00a0starosti, poddali se hudb\u011b a\u00a0naladili si \u00fasm\u011bvy ve tv\u00e1\u0159\u00edch.\u00a0 Do programu jsme za\u0159adili\u00a0na\u0161e obl\u00edben\u00e9 v\u00e1no\u010dn\u00ed skladby z\u00a0r\u016fzn\u00fdch kout\u016f Evropy a\u00a0nov\u00fd spiritu\u00e1l \u201eRide the chariot.\u201c V\u00a0posledn\u00ed \u010d\u00e1sti koncertu jste\u2026","rel":"","context":"In &quot;Advent&quot;","block_context":{"text":"Advent","link":"https:\/\/www.sborissimo.cz\/index.php\/category\/advent\/"},"img":{"alt_text":"V\u00e1noce 2017","src":"https:\/\/i0.wp.com\/www.sborissimo.cz\/wp-content\/uploads\/2017\/12\/SB_web_V%C3%A1noce2017_1280x720-1.png?fit=1200%2C675&ssl=1&resize=350%2C200","width":350,"height":200,"srcset":"https:\/\/i0.wp.com\/www.sborissimo.cz\/wp-content\/uploads\/2017\/12\/SB_web_V%C3%A1noce2017_1280x720-1.png?fit=1200%2C675&ssl=1&resize=350%2C200 1x, https:\/\/i0.wp.com\/www.sborissimo.cz\/wp-content\/uploads\/2017\/12\/SB_web_V%C3%A1noce2017_1280x720-1.png?fit=1200%2C675&ssl=1&resize=525%2C300 1.5x, https:\/\/i0.wp.com\/www.sborissimo.cz\/wp-content\/uploads\/2017\/12\/SB_web_V%C3%A1noce2017_1280x720-1.png?fit=1200%2C675&ssl=1&resize=700%2C400 2x, https:\/\/i0.wp.com\/www.sborissimo.cz\/wp-content\/uploads\/2017\/12\/SB_web_V%C3%A1noce2017_1280x720-1.png?fit=1200%2C675&ssl=1&resize=1050%2C600 3x"},"classes":[]},{"id":1948,"url":"https:\/\/www.sborissimo.cz\/index.php\/2019\/05\/26\/sborissimost-z-jicina-do-pisku\/","url_meta":{"origin":2375,"position":2},"title":"Sborissimost z&nbsp;Ji\u010d\u00edna do P\u00edsku","author":"sborissimo","date":"26. 5. 2019","format":"gallery","excerpt":"V\u00edkendem 24. - 26. kv\u011btna jsme se doslova prozp\u00edvali spole\u010dn\u011b s na\u0161\u00edm sp\u0159\u00e1telen\u00fdm sborem Smetana z Ji\u010d\u00edna.","rel":"","context":"In &quot;P\u00edsek&quot;","block_context":{"text":"P\u00edsek","link":"https:\/\/www.sborissimo.cz\/index.php\/category\/pisek\/"},"img":{"alt_text":"Sborissimost z Ji\u010d\u00edna do P\u00edsku","src":"https:\/\/i0.wp.com\/www.sborissimo.cz\/wp-content\/uploads\/2019\/06\/Sb_web_Smetana_1640x624.png?fit=1200%2C457&ssl=1&resize=350%2C200","width":350,"height":200,"srcset":"https:\/\/i0.wp.com\/www.sborissimo.cz\/wp-content\/uploads\/2019\/06\/Sb_web_Smetana_1640x624.png?fit=1200%2C457&ssl=1&resize=350%2C200 1x, https:\/\/i0.wp.com\/www.sborissimo.cz\/wp-content\/uploads\/2019\/06\/Sb_web_Smetana_1640x624.png?fit=1200%2C457&ssl=1&resize=525%2C300 1.5x, https:\/\/i0.wp.com\/www.sborissimo.cz\/wp-content\/uploads\/2019\/06\/Sb_web_Smetana_1640x624.png?fit=1200%2C457&ssl=1&resize=700%2C400 2x, https:\/\/i0.wp.com\/www.sborissimo.cz\/wp-content\/uploads\/2019\/06\/Sb_web_Smetana_1640x624.png?fit=1200%2C457&ssl=1&resize=1050%2C600 3x"},"classes":[]},{"id":817,"url":"https:\/\/www.sborissimo.cz\/index.php\/2011\/12\/17\/17-12-2011-praha\/","url_meta":{"origin":2375,"position":3},"title":"17.&nbsp;12.&nbsp;2011 PRAHA","author":"sborissimo","date":"17. 12. 2011","format":"gallery","excerpt":"Jako ji\u017e tradi\u010dn\u011b jsme si zazp\u00edvali u\u00a0v\u00e1no\u010dn\u00edho strome\u010dku na Starom\u011bstsk\u00e9m n\u00e1m\u011bst\u00ed v\u00a0Praze. Kr\u00e1sn\u011b jsme se\u00a0 a\u00a0ve\u0159\u00edme, \u017ee i\u00a0publikum, v\u00e1no\u010dn\u011b naladili.","rel":"","context":"In &quot;Advent&quot;","block_context":{"text":"Advent","link":"https:\/\/www.sborissimo.cz\/index.php\/category\/advent\/"},"img":{"alt_text":"","src":"https:\/\/i0.wp.com\/www.sborissimo.cz\/wp-content\/uploads\/2017\/11\/imgp7734-1.jpg?fit=427%2C640&ssl=1&resize=350%2C200","width":350,"height":200},"classes":[]},{"id":3519,"url":"https:\/\/www.sborissimo.cz\/index.php\/2026\/01\/31\/rok-2025-v-nasem-sboru\/","url_meta":{"origin":2375,"position":4},"title":"Rok 2025 v&nbsp;na\u0161em sboru","author":"sborissimo","date":"31. 1. 2026","format":"gallery","excerpt":"V roce 2025 jsme si zazp\u00edvali spole\u010dn\u011b se strakonick\u00fdm sborem Hlaso\u0148, z\u00fa\u010dastnili se slavnostn\u00edho koncertu \"Jan\u00e1\u010dk\u016fv ve\u010der po 100 letech,\" hudebn\u011b vy\u0161perkovali divadln\u00ed hru pod \u0161ir\u00fdm nebem \"Zv\u00edkovsk\u00fd rar\u00e1\u0161ek\" a nav\u00e1zali na mezisborov\u00e1 p\u0159\u00e1telstv\u00ed na festivalu ve Vod\u0148anech. Zapojili jsme se do vz\u00e1jemn\u00e9 podpory p\u00edseck\u00fdch spolk\u016f. Konec roku jsme tradi\u010dn\u011b\u2026","rel":"","context":"In &quot;Advent&quot;","block_context":{"text":"Advent","link":"https:\/\/www.sborissimo.cz\/index.php\/category\/advent\/"},"img":{"alt_text":"","src":"https:\/\/i0.wp.com\/www.sborissimo.cz\/wp-content\/uploads\/2026\/01\/847445ae-02c7-4910-99c3-47f42c47622b.jpeg?fit=1200%2C1102&ssl=1&resize=350%2C200","width":350,"height":200,"srcset":"https:\/\/i0.wp.com\/www.sborissimo.cz\/wp-content\/uploads\/2026\/01\/847445ae-02c7-4910-99c3-47f42c47622b.jpeg?fit=1200%2C1102&ssl=1&resize=350%2C200 1x, https:\/\/i0.wp.com\/www.sborissimo.cz\/wp-content\/uploads\/2026\/01\/847445ae-02c7-4910-99c3-47f42c47622b.jpeg?fit=1200%2C1102&ssl=1&resize=525%2C300 1.5x, https:\/\/i0.wp.com\/www.sborissimo.cz\/wp-content\/uploads\/2026\/01\/847445ae-02c7-4910-99c3-47f42c47622b.jpeg?fit=1200%2C1102&ssl=1&resize=700%2C400 2x, https:\/\/i0.wp.com\/www.sborissimo.cz\/wp-content\/uploads\/2026\/01\/847445ae-02c7-4910-99c3-47f42c47622b.jpeg?fit=1200%2C1102&ssl=1&resize=1050%2C600 3x"},"classes":[]},{"id":1645,"url":"https:\/\/www.sborissimo.cz\/index.php\/2019\/01\/27\/spolecne-s-fautores-flautae\/","url_meta":{"origin":2375,"position":5},"title":"Spole\u010dn\u011b s&nbsp;Fautores Flautae","author":"sborissimo","date":"27. 1. 2019","format":"gallery","excerpt":"jsme pro\u017eili kr\u00e1sn\u00fd ned\u011bln\u00ed podve\u010der 27. ledna. P\u00edseck\u00e9 fl\u00e9tnov\u00e9 kvarteto n\u00e1s p\u0159izvalo na sv\u016fj tradi\u010dn\u00ed zimn\u00ed koncert v Trojici, abychom zp\u011bvn\u011b doplnili jejich komorn\u00ed vystoupen\u00ed.","rel":"","context":"In &quot;P\u00edsek&quot;","block_context":{"text":"P\u00edsek","link":"https:\/\/www.sborissimo.cz\/index.php\/category\/pisek\/"},"img":{"alt_text":"","src":"https:\/\/i0.wp.com\/www.sborissimo.cz\/wp-content\/uploads\/2019\/01\/Sb_web_posts_1640x624.png?fit=1200%2C457&ssl=1&resize=350%2C200","width":350,"height":200,"srcset":"https:\/\/i0.wp.com\/www.sborissimo.cz\/wp-content\/uploads\/2019\/01\/Sb_web_posts_1640x624.png?fit=1200%2C457&ssl=1&resize=350%2C200 1x, https:\/\/i0.wp.com\/www.sborissimo.cz\/wp-content\/uploads\/2019\/01\/Sb_web_posts_1640x624.png?fit=1200%2C457&ssl=1&resize=525%2C300 1.5x, https:\/\/i0.wp.com\/www.sborissimo.cz\/wp-content\/uploads\/2019\/01\/Sb_web_posts_1640x624.png?fit=1200%2C457&ssl=1&resize=700%2C400 2x, https:\/\/i0.wp.com\/www.sborissimo.cz\/wp-content\/uploads\/2019\/01\/Sb_web_posts_1640x624.png?fit=1200%2C457&ssl=1&resize=1050%2C600 3x"},"classes":[]}],"_links":{"self":[{"href":"https:\/\/www.sborissimo.cz\/index.php\/wp-json\/wp\/v2\/posts\/2375","targetHints":{"allow":["GET"]}}],"collection":[{"href":"https:\/\/www.sborissimo.cz\/index.php\/wp-json\/wp\/v2\/posts"}],"about":[{"href":"https:\/\/www.sborissimo.cz\/index.php\/wp-json\/wp\/v2\/types\/post"}],"author":[{"embeddable":true,"href":"https:\/\/www.sborissimo.cz\/index.php\/wp-json\/wp\/v2\/users\/1"}],"replies":[{"embeddable":true,"href":"https:\/\/www.sborissimo.cz\/index.php\/wp-json\/wp\/v2\/comments?post=2375"}],"version-history":[{"count":2,"href":"https:\/\/www.sborissimo.cz\/index.php\/wp-json\/wp\/v2\/posts\/2375\/revisions"}],"predecessor-version":[{"id":2379,"href":"https:\/\/www.sborissimo.cz\/index.php\/wp-json\/wp\/v2\/posts\/2375\/revisions\/2379"}],"wp:featuredmedia":[{"embeddable":true,"href":"https:\/\/www.sborissimo.cz\/index.php\/wp-json\/wp\/v2\/media\/2516"}],"wp:attachment":[{"href":"https:\/\/www.sborissimo.cz\/index.php\/wp-json\/wp\/v2\/media?parent=2375"}],"wp:term":[{"taxonomy":"category","embeddable":true,"href":"https:\/\/www.sborissimo.cz\/index.php\/wp-json\/wp\/v2\/categories?post=2375"},{"taxonomy":"post_tag","embeddable":true,"href":"https:\/\/www.sborissimo.cz\/index.php\/wp-json\/wp\/v2\/tags?post=2375"}],"curies":[{"name":"wp","href":"https:\/\/api.w.org\/{rel}","templated":true}]}}