{"id":2508,"date":"2019-12-02T23:22:16","date_gmt":"2019-12-02T23:22:16","guid":{"rendered":"http:\/\/www.sborissimo.cz\/?p=2508"},"modified":"2019-12-02T23:38:43","modified_gmt":"2019-12-02T23:38:43","slug":"dusickovy-koncert","status":"publish","type":"post","link":"https:\/\/www.sborissimo.cz\/index.php\/2019\/12\/02\/dusickovy-koncert\/","title":{"rendered":"Du\u0161i\u010dkov\u00fd koncert"},"content":{"rendered":"\n<p>v\u011bnovan\u00fd v\u0161em zesnul\u00fdm rozezn\u011bl 2.&nbsp;listopadu D\u011bkansk\u00fd kostel v&nbsp;P\u00edsku. Pod veden\u00edm Old\u0159icha Vl\u010dka jsme vystoupili s&nbsp;orchestrem Virtuosi di Praga. N\u00e1dhern\u00e9 melodie zazn\u011bly od s\u00f3list\u016f: Michell Katrak,  V\u00e1clav Janovsk\u00fd, So\u0148a Vimrov\u00e1, Jan Meisl a&nbsp;Ji\u0159\u00ed Emmer.<\/p>\n\n\n\n<ul class=\"wp-block-gallery columns-1 is-cropped wp-block-gallery-1 is-layout-flex wp-block-gallery-is-layout-flex\"><li class=\"blocks-gallery-item\"><figure><img data-recalc-dims=\"1\" loading=\"lazy\" decoding=\"async\" width=\"452\" height=\"640\" data-attachment-id=\"2378\" data-permalink=\"https:\/\/www.sborissimo.cz\/index.php\/koncerty\/191102_dusickovy-koncert\/#main\" data-orig-file=\"https:\/\/i0.wp.com\/www.sborissimo.cz\/wp-content\/uploads\/2019\/10\/191102_Du%C5%A1i%C4%8Dkov%C3%BD-koncert.jpg?fit=452%2C640&amp;ssl=1\" data-orig-size=\"452,640\" data-comments-opened=\"1\" data-image-meta=\"{&quot;aperture&quot;:&quot;0&quot;,&quot;credit&quot;:&quot;&quot;,&quot;camera&quot;:&quot;&quot;,&quot;caption&quot;:&quot;&quot;,&quot;created_timestamp&quot;:&quot;0&quot;,&quot;copyright&quot;:&quot;&quot;,&quot;focal_length&quot;:&quot;0&quot;,&quot;iso&quot;:&quot;0&quot;,&quot;shutter_speed&quot;:&quot;0&quot;,&quot;title&quot;:&quot;&quot;,&quot;orientation&quot;:&quot;0&quot;}\" data-image-title=\"191102_Du\u0161i\u010dkov\u00fd koncert\" data-image-description=\"\" data-image-caption=\"\" data-medium-file=\"https:\/\/i0.wp.com\/www.sborissimo.cz\/wp-content\/uploads\/2019\/10\/191102_Du%C5%A1i%C4%8Dkov%C3%BD-koncert.jpg?fit=212%2C300&amp;ssl=1\" data-large-file=\"https:\/\/i0.wp.com\/www.sborissimo.cz\/wp-content\/uploads\/2019\/10\/191102_Du%C5%A1i%C4%8Dkov%C3%BD-koncert.jpg?fit=452%2C640&amp;ssl=1\" src=\"https:\/\/i0.wp.com\/www.sborissimo.cz\/wp-content\/uploads\/2019\/10\/191102_Du%C5%A1i%C4%8Dkov%C3%BD-koncert.jpg?resize=452%2C640\" alt=\"Du\u0161i\u010dky\" data-id=\"2378\" data-link=\"http:\/\/www.sborissimo.cz\/index.php\/koncerty\/191102_dusickovy-koncert\/#main\" class=\"wp-image-2378\" srcset=\"https:\/\/i0.wp.com\/www.sborissimo.cz\/wp-content\/uploads\/2019\/10\/191102_Du%C5%A1i%C4%8Dkov%C3%BD-koncert.jpg?w=452&amp;ssl=1 452w, https:\/\/i0.wp.com\/www.sborissimo.cz\/wp-content\/uploads\/2019\/10\/191102_Du%C5%A1i%C4%8Dkov%C3%BD-koncert.jpg?resize=212%2C300&amp;ssl=1 212w, https:\/\/i0.wp.com\/www.sborissimo.cz\/wp-content\/uploads\/2019\/10\/191102_Du%C5%A1i%C4%8Dkov%C3%BD-koncert.jpg?resize=268%2C380&amp;ssl=1 268w\" sizes=\"auto, (max-width: 452px) 100vw, 452px\" \/><\/figure><\/li><\/ul>\n\n\n\n<p>\u010cl\u00e1nek a&nbsp;fotky P\u00edseck\u00fdch post\u0159eh\u016f na webu <a href=\"https:\/\/www.jcted.cz\/pisecke-postrehy\/dekansky-kostel-v-pisku-se-rozeznel-dusickovym-koncertem\/\">J\u010dTE\u010e<\/a><\/p>\n","protected":false},"excerpt":{"rendered":"<p>v\u011bnovan\u00fd v\u0161em zesnul\u00fdm rozezn\u011bl 2.&nbsp;listopadu D\u011bkansk\u00fd kostel v&nbsp;P\u00edsku. Pod veden\u00edm Old\u0159icha Vl\u010dka jsme vystoupili s&nbsp;orchestrem Virtuosi di Praga a&nbsp;s\u00f3listy. <\/p>\n","protected":false},"author":1,"featured_media":2511,"comment_status":"closed","ping_status":"closed","sticky":false,"template":"","format":"gallery","meta":{"jetpack_post_was_ever_published":false,"_jetpack_newsletter_access":"","_jetpack_dont_email_post_to_subs":false,"_jetpack_newsletter_tier_id":0,"_jetpack_memberships_contains_paywalled_content":false,"_jetpack_memberships_contains_paid_content":false,"footnotes":"","jetpack_publicize_message":"","jetpack_publicize_feature_enabled":true,"jetpack_social_post_already_shared":true,"jetpack_social_options":{"image_generator_settings":{"template":"highway","default_image_id":0,"font":"","enabled":false},"version":2}},"categories":[8],"tags":[57,61,42,60],"class_list":["post-2508","post","type-post","status-publish","format-gallery","has-post-thumbnail","hentry","category-pisek","tag-dekansky-kostel","tag-oldrich-vlcek","tag-spolecne","tag-virtuosi-di-praga","post_format-post-format-gallery","with-featured-image"],"jetpack_publicize_connections":[],"jetpack_featured_media_url":"https:\/\/i0.wp.com\/www.sborissimo.cz\/wp-content\/uploads\/2019\/12\/Du%C5%A1i%C4%8Dky2019.png?fit=1640%2C624&ssl=1","jetpack_sharing_enabled":true,"jetpack_shortlink":"https:\/\/wp.me\/p9ffX1-Es","jetpack_likes_enabled":true,"jetpack-related-posts":[{"id":2386,"url":"https:\/\/www.sborissimo.cz\/index.php\/2019\/10\/11\/slavnostni-evropske-requiem\/","url_meta":{"origin":2508,"position":0},"title":"Slavnostn\u00ed evropsk\u00e9 requiem","author":"sborissimo","date":"11. 10. 2019","format":"gallery","excerpt":"Dny \u010desk\u00e9 st\u00e1tnosti v P\u00edsku zavr\u0161ila m\u0161e za ob\u011bti totality v D\u011bkansk\u00e9m kostele, kterou jsme hudebn\u011b doprovodili spole\u010dn\u011b s Virtuosi di Praga, s\u00f3listkou N\u00e1rodn\u00edho divadla, Al\u017eb\u011btou Pol\u00e1\u010dkovou, a varhan\u00edkem Ji\u0159\u00edm Emmerem, pod veden\u00edm Old\u0159icha Vl\u010dka.","rel":"","context":"In &quot;P\u00edsek&quot;","block_context":{"text":"P\u00edsek","link":"https:\/\/www.sborissimo.cz\/index.php\/category\/pisek\/"},"img":{"alt_text":"Koncert za ob\u011bti totalitn\u00edch re\u017eim\u016f","src":"https:\/\/i0.wp.com\/www.sborissimo.cz\/wp-content\/uploads\/2019\/10\/Evropsk%C3%A9-requiem2019.png?fit=1200%2C457&ssl=1&resize=350%2C200","width":350,"height":200,"srcset":"https:\/\/i0.wp.com\/www.sborissimo.cz\/wp-content\/uploads\/2019\/10\/Evropsk%C3%A9-requiem2019.png?fit=1200%2C457&ssl=1&resize=350%2C200 1x, https:\/\/i0.wp.com\/www.sborissimo.cz\/wp-content\/uploads\/2019\/10\/Evropsk%C3%A9-requiem2019.png?fit=1200%2C457&ssl=1&resize=525%2C300 1.5x, https:\/\/i0.wp.com\/www.sborissimo.cz\/wp-content\/uploads\/2019\/10\/Evropsk%C3%A9-requiem2019.png?fit=1200%2C457&ssl=1&resize=700%2C400 2x, https:\/\/i0.wp.com\/www.sborissimo.cz\/wp-content\/uploads\/2019\/10\/Evropsk%C3%A9-requiem2019.png?fit=1200%2C457&ssl=1&resize=1050%2C600 3x"},"classes":[]},{"id":958,"url":"https:\/\/www.sborissimo.cz\/index.php\/2015\/04\/25\/25-4-2015-klasterni-kostel-v-pisku\/","url_meta":{"origin":2508,"position":1},"title":"25.&nbsp;4.&nbsp;2015 Kl\u00e1\u0161tern\u00ed kostel v&nbsp;P\u00edsku","author":"sborissimo","date":"25. 4. 2015","format":"gallery","excerpt":"Truv\u00e9rskou a Gospelovou m\u0161i jsme si zazp\u00edvali je\u0161t\u011b jednou v kl\u00e1\u0161tern\u00edm kostele v P\u00edsku.","rel":"","context":"In &quot;P\u00edsek&quot;","block_context":{"text":"P\u00edsek","link":"https:\/\/www.sborissimo.cz\/index.php\/category\/pisek\/"},"img":{"alt_text":"","src":"https:\/\/i0.wp.com\/www.sborissimo.cz\/wp-content\/uploads\/2018\/02\/truverska-a-gospelova-mse-v-klasternim-kostele.jpg?fit=640%2C480&ssl=1&resize=350%2C200","width":350,"height":200,"srcset":"https:\/\/i0.wp.com\/www.sborissimo.cz\/wp-content\/uploads\/2018\/02\/truverska-a-gospelova-mse-v-klasternim-kostele.jpg?fit=640%2C480&ssl=1&resize=350%2C200 1x, https:\/\/i0.wp.com\/www.sborissimo.cz\/wp-content\/uploads\/2018\/02\/truverska-a-gospelova-mse-v-klasternim-kostele.jpg?fit=640%2C480&ssl=1&resize=525%2C300 1.5x"},"classes":[]},{"id":2819,"url":"https:\/\/www.sborissimo.cz\/index.php\/2024\/12\/27\/adventni-koncerty-2024\/","url_meta":{"origin":2508,"position":2},"title":"Adventn\u00ed koncerty 2024","author":"sborissimo","date":"27. 12. 2024","format":"gallery","excerpt":"Na prosinec roku 2024 jsme p\u0159ipravili 4 adventn\u00ed koncerty, kter\u00fdmi jsme pot\u011b\u0161ili na\u0161e p\u0159\u00edznivce z P\u00edsku a bl\u00edzk\u00e9ho okol\u00ed.","rel":"","context":"In &quot;Advent&quot;","block_context":{"text":"Advent","link":"https:\/\/www.sborissimo.cz\/index.php\/category\/advent\/"},"img":{"alt_text":"","src":"https:\/\/i0.wp.com\/www.sborissimo.cz\/wp-content\/uploads\/2025\/01\/470247217_1148854893503655_4451903669696393558_n.jpg?fit=1200%2C747&ssl=1&resize=350%2C200","width":350,"height":200,"srcset":"https:\/\/i0.wp.com\/www.sborissimo.cz\/wp-content\/uploads\/2025\/01\/470247217_1148854893503655_4451903669696393558_n.jpg?fit=1200%2C747&ssl=1&resize=350%2C200 1x, https:\/\/i0.wp.com\/www.sborissimo.cz\/wp-content\/uploads\/2025\/01\/470247217_1148854893503655_4451903669696393558_n.jpg?fit=1200%2C747&ssl=1&resize=525%2C300 1.5x, https:\/\/i0.wp.com\/www.sborissimo.cz\/wp-content\/uploads\/2025\/01\/470247217_1148854893503655_4451903669696393558_n.jpg?fit=1200%2C747&ssl=1&resize=700%2C400 2x, https:\/\/i0.wp.com\/www.sborissimo.cz\/wp-content\/uploads\/2025\/01\/470247217_1148854893503655_4451903669696393558_n.jpg?fit=1200%2C747&ssl=1&resize=1050%2C600 3x"},"classes":[]},{"id":1250,"url":"https:\/\/www.sborissimo.cz\/index.php\/2018\/05\/16\/sborissimost-mezi-piskem-a-jicinem\/","url_meta":{"origin":2508,"position":3},"title":"SBORISSIMOST MEZI P\u00cdSKEM A&nbsp;JI\u010c\u00cdNEM","author":"sborissimo","date":"16. 5. 2018","format":"gallery","excerpt":"\u00a0\u201eMn\u011b to s\u00a0t\u00edm ban\u00e1nem fakt nejde!\u201c \u201eDo\u0161li jsme promokl\u00ed a\u017e na Kost.\u201c \u201eS\u00a0drakem!\u201c \u2013 \u201eNe! S\u00a0v\u011b\u017e\u00ed!\u201c T\u0159i nezapomenuteln\u00e9 v\u011bty vystihuj\u00ed t\u0159i nezapomenuteln\u00e9 dny ve m\u011bst\u011b Ji\u010d\u00edn\u011b. Pt\u00e1te se, kdo tam byl, pro\u010d a s\u00a0k\u00fdm? Tak si to p\u0159e\u010dt\u011bte cel\u00e9: Partnersk\u00e1 m\u011bsta P\u00edsek a Ji\u010d\u00edn podpo\u0159ila p\u0159\u00e1telstv\u00ed sv\u00fdch p\u011bveck\u00fdch sbor\u016f. Sborissimo\u2026","rel":"","context":"In &quot;Setk\u00e1n\u00ed&quot;","block_context":{"text":"Setk\u00e1n\u00ed","link":"https:\/\/www.sborissimo.cz\/index.php\/category\/setkani\/"},"img":{"alt_text":"","src":"https:\/\/i0.wp.com\/www.sborissimo.cz\/wp-content\/uploads\/2018\/05\/Sbor_web_blog_Jicin_1805-3.png?fit=1024%2C490&ssl=1&resize=350%2C200","width":350,"height":200,"srcset":"https:\/\/i0.wp.com\/www.sborissimo.cz\/wp-content\/uploads\/2018\/05\/Sbor_web_blog_Jicin_1805-3.png?fit=1024%2C490&ssl=1&resize=350%2C200 1x, https:\/\/i0.wp.com\/www.sborissimo.cz\/wp-content\/uploads\/2018\/05\/Sbor_web_blog_Jicin_1805-3.png?fit=1024%2C490&ssl=1&resize=525%2C300 1.5x, https:\/\/i0.wp.com\/www.sborissimo.cz\/wp-content\/uploads\/2018\/05\/Sbor_web_blog_Jicin_1805-3.png?fit=1024%2C490&ssl=1&resize=700%2C400 2x"},"classes":[]},{"id":843,"url":"https:\/\/www.sborissimo.cz\/index.php\/2017\/10\/15\/13-15-10-2017-vlachovo-brezi\/","url_meta":{"origin":2508,"position":4},"title":"13. &#8211; 15.&nbsp;10.&nbsp;2017 VLACHOVO B\u0158EZ\u00cd","author":"sborissimo","date":"15. 10. 2017","format":"gallery","excerpt":"16.\u00a0RO\u010cN\u00cdK MEZIN\u00c1RODN\u00cdHO SBOROV\u00c9HO FESTIVALU HUDEBN\u00cdHO ROMANTISMU Slune\u010dn\u00fd podzimn\u00ed v\u00edkend 13. \u2013 15.\u00a010.\u00a02017 jsme spole\u010dn\u011b s\u00a0dal\u0161\u00edmi\u00a0 11 sbory str\u00e1vili na romantick\u00e9m setk\u00e1n\u00ed ve Vlachov\u011b B\u0159ez\u00ed. V\u00a0p\u00e1tek\u00a0 se po\u00a0p\u0159\u00edjezdu ka\u017ed\u00fd sbor p\u0159edstavil na zahajovac\u00edm festivalov\u00e9m koncertu. V\u00a0sobotu dopoledne se v\u0161echny sbory \u00fa\u010dastnily d\u00edlny prof. V\u00e1clava Matou\u0161ka, kde spole\u010dn\u011b nacvi\u010dovali skladby na ned\u011bln\u00ed\u2026","rel":"","context":"In &quot;Sout\u011b\u017ee&quot;","block_context":{"text":"Sout\u011b\u017ee","link":"https:\/\/www.sborissimo.cz\/index.php\/category\/souteze\/"},"img":{"alt_text":"MSFH Vlachovo B\u0159ez\u00ed","src":"https:\/\/i0.wp.com\/www.sborissimo.cz\/wp-content\/uploads\/2018\/02\/SB_web_VlachovoBrezi_1280x720.png?fit=1200%2C675&ssl=1&resize=350%2C200","width":350,"height":200,"srcset":"https:\/\/i0.wp.com\/www.sborissimo.cz\/wp-content\/uploads\/2018\/02\/SB_web_VlachovoBrezi_1280x720.png?fit=1200%2C675&ssl=1&resize=350%2C200 1x, https:\/\/i0.wp.com\/www.sborissimo.cz\/wp-content\/uploads\/2018\/02\/SB_web_VlachovoBrezi_1280x720.png?fit=1200%2C675&ssl=1&resize=525%2C300 1.5x, https:\/\/i0.wp.com\/www.sborissimo.cz\/wp-content\/uploads\/2018\/02\/SB_web_VlachovoBrezi_1280x720.png?fit=1200%2C675&ssl=1&resize=700%2C400 2x, https:\/\/i0.wp.com\/www.sborissimo.cz\/wp-content\/uploads\/2018\/02\/SB_web_VlachovoBrezi_1280x720.png?fit=1200%2C675&ssl=1&resize=1050%2C600 3x"},"classes":[]},{"id":3519,"url":"https:\/\/www.sborissimo.cz\/index.php\/2026\/01\/31\/rok-2025-v-nasem-sboru\/","url_meta":{"origin":2508,"position":5},"title":"Rok 2025 v&nbsp;na\u0161em sboru","author":"sborissimo","date":"31. 1. 2026","format":"gallery","excerpt":"V roce 2025 jsme si zazp\u00edvali spole\u010dn\u011b se strakonick\u00fdm sborem Hlaso\u0148, z\u00fa\u010dastnili se slavnostn\u00edho koncertu \"Jan\u00e1\u010dk\u016fv ve\u010der po 100 letech,\" hudebn\u011b vy\u0161perkovali divadln\u00ed hru pod \u0161ir\u00fdm nebem \"Zv\u00edkovsk\u00fd rar\u00e1\u0161ek\" a nav\u00e1zali na mezisborov\u00e1 p\u0159\u00e1telstv\u00ed na festivalu ve Vod\u0148anech. Zapojili jsme se do vz\u00e1jemn\u00e9 podpory p\u00edseck\u00fdch spolk\u016f. Konec roku jsme tradi\u010dn\u011b\u2026","rel":"","context":"In &quot;Advent&quot;","block_context":{"text":"Advent","link":"https:\/\/www.sborissimo.cz\/index.php\/category\/advent\/"},"img":{"alt_text":"","src":"https:\/\/i0.wp.com\/www.sborissimo.cz\/wp-content\/uploads\/2026\/01\/847445ae-02c7-4910-99c3-47f42c47622b.jpeg?fit=1200%2C1102&ssl=1&resize=350%2C200","width":350,"height":200,"srcset":"https:\/\/i0.wp.com\/www.sborissimo.cz\/wp-content\/uploads\/2026\/01\/847445ae-02c7-4910-99c3-47f42c47622b.jpeg?fit=1200%2C1102&ssl=1&resize=350%2C200 1x, https:\/\/i0.wp.com\/www.sborissimo.cz\/wp-content\/uploads\/2026\/01\/847445ae-02c7-4910-99c3-47f42c47622b.jpeg?fit=1200%2C1102&ssl=1&resize=525%2C300 1.5x, https:\/\/i0.wp.com\/www.sborissimo.cz\/wp-content\/uploads\/2026\/01\/847445ae-02c7-4910-99c3-47f42c47622b.jpeg?fit=1200%2C1102&ssl=1&resize=700%2C400 2x, https:\/\/i0.wp.com\/www.sborissimo.cz\/wp-content\/uploads\/2026\/01\/847445ae-02c7-4910-99c3-47f42c47622b.jpeg?fit=1200%2C1102&ssl=1&resize=1050%2C600 3x"},"classes":[]}],"_links":{"self":[{"href":"https:\/\/www.sborissimo.cz\/index.php\/wp-json\/wp\/v2\/posts\/2508","targetHints":{"allow":["GET"]}}],"collection":[{"href":"https:\/\/www.sborissimo.cz\/index.php\/wp-json\/wp\/v2\/posts"}],"about":[{"href":"https:\/\/www.sborissimo.cz\/index.php\/wp-json\/wp\/v2\/types\/post"}],"author":[{"embeddable":true,"href":"https:\/\/www.sborissimo.cz\/index.php\/wp-json\/wp\/v2\/users\/1"}],"replies":[{"embeddable":true,"href":"https:\/\/www.sborissimo.cz\/index.php\/wp-json\/wp\/v2\/comments?post=2508"}],"version-history":[{"count":2,"href":"https:\/\/www.sborissimo.cz\/index.php\/wp-json\/wp\/v2\/posts\/2508\/revisions"}],"predecessor-version":[{"id":2513,"href":"https:\/\/www.sborissimo.cz\/index.php\/wp-json\/wp\/v2\/posts\/2508\/revisions\/2513"}],"wp:featuredmedia":[{"embeddable":true,"href":"https:\/\/www.sborissimo.cz\/index.php\/wp-json\/wp\/v2\/media\/2511"}],"wp:attachment":[{"href":"https:\/\/www.sborissimo.cz\/index.php\/wp-json\/wp\/v2\/media?parent=2508"}],"wp:term":[{"taxonomy":"category","embeddable":true,"href":"https:\/\/www.sborissimo.cz\/index.php\/wp-json\/wp\/v2\/categories?post=2508"},{"taxonomy":"post_tag","embeddable":true,"href":"https:\/\/www.sborissimo.cz\/index.php\/wp-json\/wp\/v2\/tags?post=2508"}],"curies":[{"name":"wp","href":"https:\/\/api.w.org\/{rel}","templated":true}]}}