{"id":2812,"date":"2024-06-09T19:45:53","date_gmt":"2024-06-09T19:45:53","guid":{"rendered":"http:\/\/www.sborissimo.cz\/?p=2812"},"modified":"2025-01-08T19:49:49","modified_gmt":"2025-01-08T19:49:49","slug":"leos-janacek-a-jizni-cechy-2024","status":"publish","type":"post","link":"https:\/\/www.sborissimo.cz\/index.php\/2024\/06\/09\/leos-janacek-a-jizni-cechy-2024\/","title":{"rendered":"Leo\u0161 Jan\u00e1\u010dek a&nbsp;Ji\u017en\u00ed \u010cechy 2024"},"content":{"rendered":"\n<p>Slavnostn\u00ed koncert Pocta Leo\u0161i Jan\u00e1\u010dkovi se uskute\u010dnil 9.&nbsp;\u010dervna 2024 v&nbsp;kostele Nejsv\u011bt\u011bj\u0161\u00ed Trojice.  V\u00fdb\u011br z&nbsp;d\u00edla Leo\u0161e Jan\u00e1\u010dka v&nbsp;Roce \u010desk\u00e9 hudby 2024 zazn\u011bl v&nbsp;pod\u00e1n\u00ed kvarteta Bohuslava Martin\u016f, \u010desk\u00fdch i&nbsp;zahrani\u010dn\u00edch um\u011blc\u016f a&nbsp;na\u0161eho p\u011bveck\u00e9ho sboru. <\/p>\n\n\n\n<p> <\/p>\n\n\n\n<figure class=\"wp-block-embed-youtube wp-block-embed is-type-video is-provider-youtube wp-embed-aspect-16-9 wp-has-aspect-ratio\"><div class=\"wp-block-embed__wrapper\">\n<div class=\"jetpack-video-wrapper\"><iframe loading=\"lazy\" title=\"P\u00cdSEK-Ze slavnostn\u00edho koncertu LEO\u0160 JAN\u00c1\u010cEK A JI\u017dN\u00cd \u010cECHY 2024 (sm\u00ed\u0161en\u00fd sbor Sborissimo 1.)\" width=\"620\" height=\"349\" src=\"https:\/\/www.youtube.com\/embed\/dXQ4NeCgsNk?feature=oembed\" frameborder=\"0\" allow=\"accelerometer; autoplay; clipboard-write; encrypted-media; gyroscope; picture-in-picture; web-share\" referrerpolicy=\"strict-origin-when-cross-origin\" allowfullscreen><\/iframe><\/div>\n<\/div><figcaption> V&nbsp;prvn\u00ed \u010d\u00e1sti na\u0161eho vystoupen\u00ed jsme zazp\u00edvali  v\u00fdb\u011br z&nbsp;Ukvalsk\u00fdch p\u00edsn\u00ed Leo\u0161e Jan\u00e1\u010dka.<\/figcaption><\/figure>\n\n\n\n<figure class=\"wp-block-embed-youtube wp-block-embed is-type-video is-provider-youtube wp-embed-aspect-16-9 wp-has-aspect-ratio\"><div class=\"wp-block-embed__wrapper\">\n<div class=\"jetpack-video-wrapper\"><iframe loading=\"lazy\" title=\"P\u00cdSEK-Ze slavnostn\u00edho koncertu LEO\u0160 JAN\u00c1\u010cEK A JI\u017dN\u00cd \u010cECHY 2024 (sm\u00ed\u0161en\u00fd sbor Sborissimo 2.)\" width=\"620\" height=\"349\" src=\"https:\/\/www.youtube.com\/embed\/v6k2LSfmDuQ?feature=oembed\" frameborder=\"0\" allow=\"accelerometer; autoplay; clipboard-write; encrypted-media; gyroscope; picture-in-picture; web-share\" referrerpolicy=\"strict-origin-when-cross-origin\" allowfullscreen><\/iframe><\/div>\n<\/div><figcaption> Druh\u00fd blok jsme v\u011bnovali sm\u011bsi moravsk\u00fdch a&nbsp;romsk\u00fdch lidov\u00fdch p\u00edsn\u00ed. <br>Koncert jsme zakon\u010dili spole\u010dnou p\u00edsn\u00ed &#8222;Kdy\u017e jsem j\u00e1 \u0161el tou Putimskou branou.&#8220;<\/figcaption><\/figure>\n\n\n\n<ul class=\"wp-block-gallery columns-0 is-cropped wp-block-gallery-1 is-layout-flex wp-block-gallery-is-layout-flex\"><\/ul>\n","protected":false},"excerpt":{"rendered":"<p>Slavnostn\u00ed koncert Pocta Leo\u0161i Jan\u00e1\u010dkovi se uskute\u010dnil 9.&nbsp;\u010dervna 2024 v&nbsp;kostele Nejsv\u011bt\u011bj\u0161\u00ed Trojice.<\/p>\n","protected":false},"author":1,"featured_media":2817,"comment_status":"closed","ping_status":"closed","sticky":false,"template":"","format":"gallery","meta":{"jetpack_post_was_ever_published":false,"_jetpack_newsletter_access":"","_jetpack_dont_email_post_to_subs":false,"_jetpack_newsletter_tier_id":0,"_jetpack_memberships_contains_paywalled_content":false,"_jetpack_memberships_contains_paid_content":false,"footnotes":"","jetpack_publicize_message":"","jetpack_publicize_feature_enabled":true,"jetpack_social_post_already_shared":true,"jetpack_social_options":{"image_generator_settings":{"template":"highway","default_image_id":0,"font":"","enabled":false},"version":2}},"categories":[8],"tags":[67,68,17],"class_list":["post-2812","post","type-post","status-publish","format-gallery","has-post-thumbnail","hentry","category-pisek","tag-67","tag-janacek","tag-kaple-sv-trojice","post_format-post-format-gallery","with-featured-image"],"jetpack_publicize_connections":[],"jetpack_featured_media_url":"https:\/\/i0.wp.com\/www.sborissimo.cz\/wp-content\/uploads\/2025\/01\/bd5cc943b3ab6524a75fd0a044a78955.png?fit=1040%2C584&ssl=1","jetpack_sharing_enabled":false,"jetpack_shortlink":"https:\/\/wp.me\/p9ffX1-Jm","jetpack_likes_enabled":false,"jetpack-related-posts":[{"id":2819,"url":"https:\/\/www.sborissimo.cz\/index.php\/2024\/12\/27\/adventni-koncerty-2024\/","url_meta":{"origin":2812,"position":0},"title":"Adventn\u00ed koncerty 2024","author":"sborissimo","date":"27. 12. 2024","format":"gallery","excerpt":"Na prosinec roku 2024 jsme p\u0159ipravili 4 adventn\u00ed koncerty, kter\u00fdmi jsme pot\u011b\u0161ili na\u0161e p\u0159\u00edznivce z P\u00edsku a bl\u00edzk\u00e9ho okol\u00ed.","rel":"","context":"In &quot;Advent&quot;","block_context":{"text":"Advent","link":"https:\/\/www.sborissimo.cz\/index.php\/category\/advent\/"},"img":{"alt_text":"","src":"https:\/\/i0.wp.com\/www.sborissimo.cz\/wp-content\/uploads\/2025\/01\/470247217_1148854893503655_4451903669696393558_n.jpg?fit=1200%2C747&ssl=1&resize=350%2C200","width":350,"height":200,"srcset":"https:\/\/i0.wp.com\/www.sborissimo.cz\/wp-content\/uploads\/2025\/01\/470247217_1148854893503655_4451903669696393558_n.jpg?fit=1200%2C747&ssl=1&resize=350%2C200 1x, https:\/\/i0.wp.com\/www.sborissimo.cz\/wp-content\/uploads\/2025\/01\/470247217_1148854893503655_4451903669696393558_n.jpg?fit=1200%2C747&ssl=1&resize=525%2C300 1.5x, https:\/\/i0.wp.com\/www.sborissimo.cz\/wp-content\/uploads\/2025\/01\/470247217_1148854893503655_4451903669696393558_n.jpg?fit=1200%2C747&ssl=1&resize=700%2C400 2x, https:\/\/i0.wp.com\/www.sborissimo.cz\/wp-content\/uploads\/2025\/01\/470247217_1148854893503655_4451903669696393558_n.jpg?fit=1200%2C747&ssl=1&resize=1050%2C600 3x"},"classes":[]},{"id":857,"url":"https:\/\/www.sborissimo.cz\/index.php\/2017\/12\/29\/vanocni-koncerty-2017\/","url_meta":{"origin":2812,"position":1},"title":"V\u00c1NO\u010cN\u00cd KONCERTY 2017","author":"sborissimo","date":"29. 12. 2017","format":"gallery","excerpt":"Advent, Sborissimo a\u00a0Vy \u2013 na\u0161i p\u0159\u00edznivci, poslucha\u010di, p\u0159\u00e1tel\u00e9 a\u00a0rodiny.\u00a0 Op\u011bt jsme se setkali, abychom spole\u010dn\u011b vytvo\u0159ili kr\u00e1snou v\u00e1no\u010dn\u00ed atmosf\u00e9ru, zapomn\u011bli na shon a\u00a0starosti, poddali se hudb\u011b a\u00a0naladili si \u00fasm\u011bvy ve tv\u00e1\u0159\u00edch.\u00a0 Do programu jsme za\u0159adili\u00a0na\u0161e obl\u00edben\u00e9 v\u00e1no\u010dn\u00ed skladby z\u00a0r\u016fzn\u00fdch kout\u016f Evropy a\u00a0nov\u00fd spiritu\u00e1l \u201eRide the chariot.\u201c V\u00a0posledn\u00ed \u010d\u00e1sti koncertu jste\u2026","rel":"","context":"In &quot;Advent&quot;","block_context":{"text":"Advent","link":"https:\/\/www.sborissimo.cz\/index.php\/category\/advent\/"},"img":{"alt_text":"V\u00e1noce 2017","src":"https:\/\/i0.wp.com\/www.sborissimo.cz\/wp-content\/uploads\/2017\/12\/SB_web_V%C3%A1noce2017_1280x720-1.png?fit=1200%2C675&ssl=1&resize=350%2C200","width":350,"height":200,"srcset":"https:\/\/i0.wp.com\/www.sborissimo.cz\/wp-content\/uploads\/2017\/12\/SB_web_V%C3%A1noce2017_1280x720-1.png?fit=1200%2C675&ssl=1&resize=350%2C200 1x, https:\/\/i0.wp.com\/www.sborissimo.cz\/wp-content\/uploads\/2017\/12\/SB_web_V%C3%A1noce2017_1280x720-1.png?fit=1200%2C675&ssl=1&resize=525%2C300 1.5x, https:\/\/i0.wp.com\/www.sborissimo.cz\/wp-content\/uploads\/2017\/12\/SB_web_V%C3%A1noce2017_1280x720-1.png?fit=1200%2C675&ssl=1&resize=700%2C400 2x, https:\/\/i0.wp.com\/www.sborissimo.cz\/wp-content\/uploads\/2017\/12\/SB_web_V%C3%A1noce2017_1280x720-1.png?fit=1200%2C675&ssl=1&resize=1050%2C600 3x"},"classes":[]},{"id":2386,"url":"https:\/\/www.sborissimo.cz\/index.php\/2019\/10\/11\/slavnostni-evropske-requiem\/","url_meta":{"origin":2812,"position":2},"title":"Slavnostn\u00ed evropsk\u00e9 requiem","author":"sborissimo","date":"11. 10. 2019","format":"gallery","excerpt":"Dny \u010desk\u00e9 st\u00e1tnosti v P\u00edsku zavr\u0161ila m\u0161e za ob\u011bti totality v D\u011bkansk\u00e9m kostele, kterou jsme hudebn\u011b doprovodili spole\u010dn\u011b s Virtuosi di Praga, s\u00f3listkou N\u00e1rodn\u00edho divadla, Al\u017eb\u011btou Pol\u00e1\u010dkovou, a varhan\u00edkem Ji\u0159\u00edm Emmerem, pod veden\u00edm Old\u0159icha Vl\u010dka.","rel":"","context":"In &quot;P\u00edsek&quot;","block_context":{"text":"P\u00edsek","link":"https:\/\/www.sborissimo.cz\/index.php\/category\/pisek\/"},"img":{"alt_text":"Koncert za ob\u011bti totalitn\u00edch re\u017eim\u016f","src":"https:\/\/i0.wp.com\/www.sborissimo.cz\/wp-content\/uploads\/2019\/10\/Evropsk%C3%A9-requiem2019.png?fit=1200%2C457&ssl=1&resize=350%2C200","width":350,"height":200,"srcset":"https:\/\/i0.wp.com\/www.sborissimo.cz\/wp-content\/uploads\/2019\/10\/Evropsk%C3%A9-requiem2019.png?fit=1200%2C457&ssl=1&resize=350%2C200 1x, https:\/\/i0.wp.com\/www.sborissimo.cz\/wp-content\/uploads\/2019\/10\/Evropsk%C3%A9-requiem2019.png?fit=1200%2C457&ssl=1&resize=525%2C300 1.5x, https:\/\/i0.wp.com\/www.sborissimo.cz\/wp-content\/uploads\/2019\/10\/Evropsk%C3%A9-requiem2019.png?fit=1200%2C457&ssl=1&resize=700%2C400 2x, https:\/\/i0.wp.com\/www.sborissimo.cz\/wp-content\/uploads\/2019\/10\/Evropsk%C3%A9-requiem2019.png?fit=1200%2C457&ssl=1&resize=1050%2C600 3x"},"classes":[]},{"id":1032,"url":"https:\/\/www.sborissimo.cz\/index.php\/2012\/12\/24\/2012-trojice\/","url_meta":{"origin":2812,"position":3},"title":"24.&nbsp;12.&nbsp;2012 Trojice","author":"sborissimo","date":"24. 12. 2012","format":"gallery","excerpt":"V\u00e1no\u010dn\u00ed koncert v Trojici. D\u011bkujeme,\u00a0 \u017ee jste p\u0159i\u0161li v tak velk\u00e9m po\u010dtu. Snad jsme v\u00e1s na\u0161im vystoupen\u00edm v\u00e1no\u010dn\u011b, p\u0159ed \u0160t\u011bdr\u00fdm ve\u010derem, naladili.","rel":"","context":"In &quot;Advent&quot;","block_context":{"text":"Advent","link":"https:\/\/www.sborissimo.cz\/index.php\/category\/advent\/"},"img":{"alt_text":"","src":"https:\/\/i0.wp.com\/www.sborissimo.cz\/wp-content\/uploads\/2018\/02\/imgp2178.jpg?fit=640%2C427&ssl=1&resize=350%2C200","width":350,"height":200,"srcset":"https:\/\/i0.wp.com\/www.sborissimo.cz\/wp-content\/uploads\/2018\/02\/imgp2178.jpg?fit=640%2C427&ssl=1&resize=350%2C200 1x, https:\/\/i0.wp.com\/www.sborissimo.cz\/wp-content\/uploads\/2018\/02\/imgp2178.jpg?fit=640%2C427&ssl=1&resize=525%2C300 1.5x"},"classes":[]},{"id":1008,"url":"https:\/\/www.sborissimo.cz\/index.php\/2013\/12\/24\/2013-trojice\/","url_meta":{"origin":2812,"position":4},"title":"24.&nbsp;12.&nbsp;2013 Trojice","author":"sborissimo","date":"24. 12. 2013","format":"gallery","excerpt":"N\u00e1\u0161 tradi\u010dn\u00ed v\u00e1no\u010dn\u00ed koncert na \u0160t\u011bdr\u00fd den. D\u011bkujeme, \u017ee jste op\u011bt p\u0159i\u0161li v tak hojn\u00e9m po\u010dtu. Moc si toho v\u00e1\u017e\u00edme.","rel":"","context":"In &quot;Advent&quot;","block_context":{"text":"Advent","link":"https:\/\/www.sborissimo.cz\/index.php\/category\/advent\/"},"img":{"alt_text":"","src":"https:\/\/i0.wp.com\/www.sborissimo.cz\/wp-content\/uploads\/2018\/02\/dsc00445.jpg?fit=800%2C450&ssl=1&resize=350%2C200","width":350,"height":200,"srcset":"https:\/\/i0.wp.com\/www.sborissimo.cz\/wp-content\/uploads\/2018\/02\/dsc00445.jpg?fit=800%2C450&ssl=1&resize=350%2C200 1x, https:\/\/i0.wp.com\/www.sborissimo.cz\/wp-content\/uploads\/2018\/02\/dsc00445.jpg?fit=800%2C450&ssl=1&resize=525%2C300 1.5x, https:\/\/i0.wp.com\/www.sborissimo.cz\/wp-content\/uploads\/2018\/02\/dsc00445.jpg?fit=800%2C450&ssl=1&resize=700%2C400 2x"},"classes":[]},{"id":1948,"url":"https:\/\/www.sborissimo.cz\/index.php\/2019\/05\/26\/sborissimost-z-jicina-do-pisku\/","url_meta":{"origin":2812,"position":5},"title":"Sborissimost z&nbsp;Ji\u010d\u00edna do P\u00edsku","author":"sborissimo","date":"26. 5. 2019","format":"gallery","excerpt":"V\u00edkendem 24. - 26. kv\u011btna jsme se doslova prozp\u00edvali spole\u010dn\u011b s na\u0161\u00edm sp\u0159\u00e1telen\u00fdm sborem Smetana z Ji\u010d\u00edna.","rel":"","context":"In &quot;P\u00edsek&quot;","block_context":{"text":"P\u00edsek","link":"https:\/\/www.sborissimo.cz\/index.php\/category\/pisek\/"},"img":{"alt_text":"Sborissimost z Ji\u010d\u00edna do P\u00edsku","src":"https:\/\/i0.wp.com\/www.sborissimo.cz\/wp-content\/uploads\/2019\/06\/Sb_web_Smetana_1640x624.png?fit=1200%2C457&ssl=1&resize=350%2C200","width":350,"height":200,"srcset":"https:\/\/i0.wp.com\/www.sborissimo.cz\/wp-content\/uploads\/2019\/06\/Sb_web_Smetana_1640x624.png?fit=1200%2C457&ssl=1&resize=350%2C200 1x, https:\/\/i0.wp.com\/www.sborissimo.cz\/wp-content\/uploads\/2019\/06\/Sb_web_Smetana_1640x624.png?fit=1200%2C457&ssl=1&resize=525%2C300 1.5x, https:\/\/i0.wp.com\/www.sborissimo.cz\/wp-content\/uploads\/2019\/06\/Sb_web_Smetana_1640x624.png?fit=1200%2C457&ssl=1&resize=700%2C400 2x, https:\/\/i0.wp.com\/www.sborissimo.cz\/wp-content\/uploads\/2019\/06\/Sb_web_Smetana_1640x624.png?fit=1200%2C457&ssl=1&resize=1050%2C600 3x"},"classes":[]}],"_links":{"self":[{"href":"https:\/\/www.sborissimo.cz\/index.php\/wp-json\/wp\/v2\/posts\/2812","targetHints":{"allow":["GET"]}}],"collection":[{"href":"https:\/\/www.sborissimo.cz\/index.php\/wp-json\/wp\/v2\/posts"}],"about":[{"href":"https:\/\/www.sborissimo.cz\/index.php\/wp-json\/wp\/v2\/types\/post"}],"author":[{"embeddable":true,"href":"https:\/\/www.sborissimo.cz\/index.php\/wp-json\/wp\/v2\/users\/1"}],"replies":[{"embeddable":true,"href":"https:\/\/www.sborissimo.cz\/index.php\/wp-json\/wp\/v2\/comments?post=2812"}],"version-history":[{"count":3,"href":"https:\/\/www.sborissimo.cz\/index.php\/wp-json\/wp\/v2\/posts\/2812\/revisions"}],"predecessor-version":[{"id":2818,"href":"https:\/\/www.sborissimo.cz\/index.php\/wp-json\/wp\/v2\/posts\/2812\/revisions\/2818"}],"wp:featuredmedia":[{"embeddable":true,"href":"https:\/\/www.sborissimo.cz\/index.php\/wp-json\/wp\/v2\/media\/2817"}],"wp:attachment":[{"href":"https:\/\/www.sborissimo.cz\/index.php\/wp-json\/wp\/v2\/media?parent=2812"}],"wp:term":[{"taxonomy":"category","embeddable":true,"href":"https:\/\/www.sborissimo.cz\/index.php\/wp-json\/wp\/v2\/categories?post=2812"},{"taxonomy":"post_tag","embeddable":true,"href":"https:\/\/www.sborissimo.cz\/index.php\/wp-json\/wp\/v2\/tags?post=2812"}],"curies":[{"name":"wp","href":"https:\/\/api.w.org\/{rel}","templated":true}]}}