{"id":831,"date":"2017-06-25T17:38:59","date_gmt":"2017-06-25T17:38:59","guid":{"rendered":"http:\/\/www.sborissimo.cz\/?p=831"},"modified":"2018-02-06T12:54:00","modified_gmt":"2018-02-06T12:54:00","slug":"25-6-2017-koncert-k-90-narozeninam-pani-kysilkove","status":"publish","type":"post","link":"https:\/\/www.sborissimo.cz\/index.php\/2017\/06\/25\/25-6-2017-koncert-k-90-narozeninam-pani-kysilkove\/","title":{"rendered":"25.&nbsp;6.&nbsp;2017 KONCERT K&nbsp;90. NAROZENIN\u00c1M PAN\u00cd KYSILKOV\u00c9"},"content":{"rendered":"<p>M\u011bli jsme tu \u010dest zazp\u00edvat k\u00a0 90.\u00a0narozenin\u00e1m pan\u00ed Radce Kysilkov\u00e9 a\u00a0byl to pro n\u00e1s \u00fa\u017easn\u00fd z\u00e1\u017eitek. Zp\u00edvali jsme spole\u010dn\u011b i\u00a0se sborem, kter\u00fd tato neuv\u011b\u0159iteln\u011b vit\u00e1ln\u00ed pan\u00ed, st\u00e1le vede.<\/p>\n<div class=\"tiled-gallery type-rectangular tiled-gallery-unresized\" data-original-width=\"620\" data-carousel-extra='{&quot;blog_id&quot;:1,&quot;permalink&quot;:&quot;https:\\\/\\\/www.sborissimo.cz\\\/index.php\\\/2017\\\/06\\\/25\\\/25-6-2017-koncert-k-90-narozeninam-pani-kysilkove\\\/&quot;,&quot;likes_blog_id&quot;:136623263}' itemscope itemtype=\"http:\/\/schema.org\/ImageGallery\" > <div class=\"gallery-row\" style=\"width: 620px; height: 351px;\" data-original-width=\"620\" data-original-height=\"351\" > <div class=\"gallery-group images-1\" style=\"width: 620px; height: 351px;\" data-original-width=\"620\" data-original-height=\"351\" > <div class=\"tiled-gallery-item tiled-gallery-item-large\" itemprop=\"associatedMedia\" itemscope itemtype=\"http:\/\/schema.org\/ImageObject\"> <a href=\"https:\/\/www.sborissimo.cz\/index.php\/galerie\/olympus-digital-camera\/#main\" border=\"0\" itemprop=\"url\"> <meta itemprop=\"width\" content=\"616\"> <meta itemprop=\"height\" content=\"347\"> <img decoding=\"async\" class=\"\" data-attachment-id=\"311\" data-orig-file=\"https:\/\/www.sborissimo.cz\/wp-content\/uploads\/2017\/11\/P6250028.jpg\" data-orig-size=\"4608,2592\" data-comments-opened=\"1\" data-image-meta=\"{&quot;aperture&quot;:&quot;3.5&quot;,&quot;credit&quot;:&quot;&quot;,&quot;camera&quot;:&quot;E-PL5&quot;,&quot;caption&quot;:&quot;OLYMPUS DIGITAL CAMERA&quot;,&quot;created_timestamp&quot;:&quot;1498416916&quot;,&quot;copyright&quot;:&quot;&quot;,&quot;focal_length&quot;:&quot;14&quot;,&quot;iso&quot;:&quot;1600&quot;,&quot;shutter_speed&quot;:&quot;0.02&quot;,&quot;title&quot;:&quot;OLYMPUS DIGITAL CAMERA&quot;,&quot;orientation&quot;:&quot;1&quot;}\" data-image-title=\"Sborissimo\" data-image-description=\"\" data-medium-file=\"https:\/\/i0.wp.com\/www.sborissimo.cz\/wp-content\/uploads\/2017\/11\/P6250028.jpg?fit=300%2C169&#038;ssl=1\" data-large-file=\"https:\/\/i0.wp.com\/www.sborissimo.cz\/wp-content\/uploads\/2017\/11\/P6250028.jpg?fit=620%2C349&#038;ssl=1\" src=\"https:\/\/i0.wp.com\/www.sborissimo.cz\/wp-content\/uploads\/2017\/11\/P6250028.jpg?w=616&#038;h=347&#038;ssl=1\" srcset=\"https:\/\/i0.wp.com\/www.sborissimo.cz\/wp-content\/uploads\/2017\/11\/P6250028.jpg?w=4608&amp;ssl=1 4608w, https:\/\/i0.wp.com\/www.sborissimo.cz\/wp-content\/uploads\/2017\/11\/P6250028.jpg?resize=300%2C169&amp;ssl=1 300w, https:\/\/i0.wp.com\/www.sborissimo.cz\/wp-content\/uploads\/2017\/11\/P6250028.jpg?resize=768%2C432&amp;ssl=1 768w, https:\/\/i0.wp.com\/www.sborissimo.cz\/wp-content\/uploads\/2017\/11\/P6250028.jpg?resize=1024%2C576&amp;ssl=1 1024w, https:\/\/i0.wp.com\/www.sborissimo.cz\/wp-content\/uploads\/2017\/11\/P6250028.jpg?resize=676%2C380&amp;ssl=1 676w, https:\/\/i0.wp.com\/www.sborissimo.cz\/wp-content\/uploads\/2017\/11\/P6250028.jpg?w=1240 1240w, https:\/\/i0.wp.com\/www.sborissimo.cz\/wp-content\/uploads\/2017\/11\/P6250028.jpg?w=1860 1860w\" width=\"616\" height=\"347\" loading=\"lazy\" data-original-width=\"616\" data-original-height=\"347\" itemprop=\"http:\/\/schema.org\/image\" title=\"Sborissimo\" alt=\"Koncert pro pan\u00ed Kysilkovou\" style=\"width: 616px; height: 347px;\" \/> <\/a> <div class=\"tiled-gallery-caption\" itemprop=\"caption description\"> Koncert pro pan\u00ed Kysilkovou <\/div> <\/div> <\/div> <!-- close group --> <\/div> <!-- close row --> <\/div>\n","protected":false},"excerpt":{"rendered":"<p>M\u011bli jsme tu \u010dest zazp\u00edvat k\u00a0 90.\u00a0narozenin\u00e1m pan\u00ed Radce Kysilkov\u00e9 a\u00a0byl to pro n\u00e1s \u00fa\u017easn\u00fd z\u00e1\u017eitek. Zp\u00edvali jsme spole\u010dn\u011b i\u00a0se sborem, kter\u00fd tato neuv\u011b\u0159iteln\u011b vit\u00e1ln\u00ed pan\u00ed, st\u00e1le vede.<\/p>\n","protected":false},"author":1,"featured_media":317,"comment_status":"closed","ping_status":"open","sticky":false,"template":"","format":"gallery","meta":{"jetpack_post_was_ever_published":false,"_jetpack_newsletter_access":"","_jetpack_dont_email_post_to_subs":false,"_jetpack_newsletter_tier_id":0,"_jetpack_memberships_contains_paywalled_content":false,"_jetpack_memberships_contains_paid_content":false,"footnotes":"","jetpack_publicize_message":"","jetpack_publicize_feature_enabled":true,"jetpack_social_post_already_shared":true,"jetpack_social_options":{"image_generator_settings":{"template":"highway","default_image_id":0,"font":"","enabled":false},"version":2}},"categories":[8],"tags":[17],"class_list":["post-831","post","type-post","status-publish","format-gallery","has-post-thumbnail","hentry","category-pisek","tag-kaple-sv-trojice","post_format-post-format-gallery","with-featured-image"],"jetpack_publicize_connections":[],"jetpack_featured_media_url":"https:\/\/i0.wp.com\/www.sborissimo.cz\/wp-content\/uploads\/2017\/11\/P6250040.jpg?fit=4608%2C2592&ssl=1","jetpack_sharing_enabled":true,"jetpack_shortlink":"https:\/\/wp.me\/p9ffX1-dp","jetpack_likes_enabled":true,"jetpack-related-posts":[{"id":1250,"url":"https:\/\/www.sborissimo.cz\/index.php\/2018\/05\/16\/sborissimost-mezi-piskem-a-jicinem\/","url_meta":{"origin":831,"position":0},"title":"SBORISSIMOST MEZI P\u00cdSKEM A&nbsp;JI\u010c\u00cdNEM","author":"sborissimo","date":"16. 5. 2018","format":"gallery","excerpt":"\u00a0\u201eMn\u011b to s\u00a0t\u00edm ban\u00e1nem fakt nejde!\u201c \u201eDo\u0161li jsme promokl\u00ed a\u017e na Kost.\u201c \u201eS\u00a0drakem!\u201c \u2013 \u201eNe! S\u00a0v\u011b\u017e\u00ed!\u201c T\u0159i nezapomenuteln\u00e9 v\u011bty vystihuj\u00ed t\u0159i nezapomenuteln\u00e9 dny ve m\u011bst\u011b Ji\u010d\u00edn\u011b. Pt\u00e1te se, kdo tam byl, pro\u010d a s\u00a0k\u00fdm? Tak si to p\u0159e\u010dt\u011bte cel\u00e9: Partnersk\u00e1 m\u011bsta P\u00edsek a Ji\u010d\u00edn podpo\u0159ila p\u0159\u00e1telstv\u00ed sv\u00fdch p\u011bveck\u00fdch sbor\u016f. Sborissimo\u2026","rel":"","context":"In &quot;Setk\u00e1n\u00ed&quot;","block_context":{"text":"Setk\u00e1n\u00ed","link":"https:\/\/www.sborissimo.cz\/index.php\/category\/setkani\/"},"img":{"alt_text":"","src":"https:\/\/i0.wp.com\/www.sborissimo.cz\/wp-content\/uploads\/2018\/05\/Sbor_web_blog_Jicin_1805-3.png?fit=1024%2C490&ssl=1&resize=350%2C200","width":350,"height":200,"srcset":"https:\/\/i0.wp.com\/www.sborissimo.cz\/wp-content\/uploads\/2018\/05\/Sbor_web_blog_Jicin_1805-3.png?fit=1024%2C490&ssl=1&resize=350%2C200 1x, https:\/\/i0.wp.com\/www.sborissimo.cz\/wp-content\/uploads\/2018\/05\/Sbor_web_blog_Jicin_1805-3.png?fit=1024%2C490&ssl=1&resize=525%2C300 1.5x, https:\/\/i0.wp.com\/www.sborissimo.cz\/wp-content\/uploads\/2018\/05\/Sbor_web_blog_Jicin_1805-3.png?fit=1024%2C490&ssl=1&resize=700%2C400 2x"},"classes":[]},{"id":843,"url":"https:\/\/www.sborissimo.cz\/index.php\/2017\/10\/15\/13-15-10-2017-vlachovo-brezi\/","url_meta":{"origin":831,"position":1},"title":"13. &#8211; 15.&nbsp;10.&nbsp;2017 VLACHOVO B\u0158EZ\u00cd","author":"sborissimo","date":"15. 10. 2017","format":"gallery","excerpt":"16.\u00a0RO\u010cN\u00cdK MEZIN\u00c1RODN\u00cdHO SBOROV\u00c9HO FESTIVALU HUDEBN\u00cdHO ROMANTISMU Slune\u010dn\u00fd podzimn\u00ed v\u00edkend 13. \u2013 15.\u00a010.\u00a02017 jsme spole\u010dn\u011b s\u00a0dal\u0161\u00edmi\u00a0 11 sbory str\u00e1vili na romantick\u00e9m setk\u00e1n\u00ed ve Vlachov\u011b B\u0159ez\u00ed. V\u00a0p\u00e1tek\u00a0 se po\u00a0p\u0159\u00edjezdu ka\u017ed\u00fd sbor p\u0159edstavil na zahajovac\u00edm festivalov\u00e9m koncertu. V\u00a0sobotu dopoledne se v\u0161echny sbory \u00fa\u010dastnily d\u00edlny prof. V\u00e1clava Matou\u0161ka, kde spole\u010dn\u011b nacvi\u010dovali skladby na ned\u011bln\u00ed\u2026","rel":"","context":"In &quot;Sout\u011b\u017ee&quot;","block_context":{"text":"Sout\u011b\u017ee","link":"https:\/\/www.sborissimo.cz\/index.php\/category\/souteze\/"},"img":{"alt_text":"MSFH Vlachovo B\u0159ez\u00ed","src":"https:\/\/i0.wp.com\/www.sborissimo.cz\/wp-content\/uploads\/2018\/02\/SB_web_VlachovoBrezi_1280x720.png?fit=1200%2C675&ssl=1&resize=350%2C200","width":350,"height":200,"srcset":"https:\/\/i0.wp.com\/www.sborissimo.cz\/wp-content\/uploads\/2018\/02\/SB_web_VlachovoBrezi_1280x720.png?fit=1200%2C675&ssl=1&resize=350%2C200 1x, https:\/\/i0.wp.com\/www.sborissimo.cz\/wp-content\/uploads\/2018\/02\/SB_web_VlachovoBrezi_1280x720.png?fit=1200%2C675&ssl=1&resize=525%2C300 1.5x, https:\/\/i0.wp.com\/www.sborissimo.cz\/wp-content\/uploads\/2018\/02\/SB_web_VlachovoBrezi_1280x720.png?fit=1200%2C675&ssl=1&resize=700%2C400 2x, https:\/\/i0.wp.com\/www.sborissimo.cz\/wp-content\/uploads\/2018\/02\/SB_web_VlachovoBrezi_1280x720.png?fit=1200%2C675&ssl=1&resize=1050%2C600 3x"},"classes":[]},{"id":983,"url":"https:\/\/www.sborissimo.cz\/index.php\/2014\/10\/20\/2014-zajezd-na-slovensko\/","url_meta":{"origin":831,"position":2},"title":"2014 z\u00e1jezd na Slovensko","author":"sborissimo","date":"20. 10. 2014","format":"gallery","excerpt":"Na podzim jsme zajeli k na\u0161im p\u0159\u00e1tel\u016fm na Slovensko. Ze z\u00e1jezdu m\u00e1me plno kr\u00e1sn\u00fdch z\u00e1\u017eitk\u016f.","rel":"","context":"In &quot;Z\u00e1jezdy&quot;","block_context":{"text":"Z\u00e1jezdy","link":"https:\/\/www.sborissimo.cz\/index.php\/category\/zajezdy\/"},"img":{"alt_text":"","src":"https:\/\/i0.wp.com\/www.sborissimo.cz\/wp-content\/uploads\/2018\/02\/img_8163u.jpg?fit=640%2C480&ssl=1&resize=350%2C200","width":350,"height":200,"srcset":"https:\/\/i0.wp.com\/www.sborissimo.cz\/wp-content\/uploads\/2018\/02\/img_8163u.jpg?fit=640%2C480&ssl=1&resize=350%2C200 1x, https:\/\/i0.wp.com\/www.sborissimo.cz\/wp-content\/uploads\/2018\/02\/img_8163u.jpg?fit=640%2C480&ssl=1&resize=525%2C300 1.5x"},"classes":[]},{"id":1948,"url":"https:\/\/www.sborissimo.cz\/index.php\/2019\/05\/26\/sborissimost-z-jicina-do-pisku\/","url_meta":{"origin":831,"position":3},"title":"Sborissimost z&nbsp;Ji\u010d\u00edna do P\u00edsku","author":"sborissimo","date":"26. 5. 2019","format":"gallery","excerpt":"V\u00edkendem 24. - 26. kv\u011btna jsme se doslova prozp\u00edvali spole\u010dn\u011b s na\u0161\u00edm sp\u0159\u00e1telen\u00fdm sborem Smetana z Ji\u010d\u00edna.","rel":"","context":"In &quot;P\u00edsek&quot;","block_context":{"text":"P\u00edsek","link":"https:\/\/www.sborissimo.cz\/index.php\/category\/pisek\/"},"img":{"alt_text":"Sborissimost z Ji\u010d\u00edna do P\u00edsku","src":"https:\/\/i0.wp.com\/www.sborissimo.cz\/wp-content\/uploads\/2019\/06\/Sb_web_Smetana_1640x624.png?fit=1200%2C457&ssl=1&resize=350%2C200","width":350,"height":200,"srcset":"https:\/\/i0.wp.com\/www.sborissimo.cz\/wp-content\/uploads\/2019\/06\/Sb_web_Smetana_1640x624.png?fit=1200%2C457&ssl=1&resize=350%2C200 1x, https:\/\/i0.wp.com\/www.sborissimo.cz\/wp-content\/uploads\/2019\/06\/Sb_web_Smetana_1640x624.png?fit=1200%2C457&ssl=1&resize=525%2C300 1.5x, https:\/\/i0.wp.com\/www.sborissimo.cz\/wp-content\/uploads\/2019\/06\/Sb_web_Smetana_1640x624.png?fit=1200%2C457&ssl=1&resize=700%2C400 2x, https:\/\/i0.wp.com\/www.sborissimo.cz\/wp-content\/uploads\/2019\/06\/Sb_web_Smetana_1640x624.png?fit=1200%2C457&ssl=1&resize=1050%2C600 3x"},"classes":[]},{"id":857,"url":"https:\/\/www.sborissimo.cz\/index.php\/2017\/12\/29\/vanocni-koncerty-2017\/","url_meta":{"origin":831,"position":4},"title":"V\u00c1NO\u010cN\u00cd KONCERTY 2017","author":"sborissimo","date":"29. 12. 2017","format":"gallery","excerpt":"Advent, Sborissimo a\u00a0Vy \u2013 na\u0161i p\u0159\u00edznivci, poslucha\u010di, p\u0159\u00e1tel\u00e9 a\u00a0rodiny.\u00a0 Op\u011bt jsme se setkali, abychom spole\u010dn\u011b vytvo\u0159ili kr\u00e1snou v\u00e1no\u010dn\u00ed atmosf\u00e9ru, zapomn\u011bli na shon a\u00a0starosti, poddali se hudb\u011b a\u00a0naladili si \u00fasm\u011bvy ve tv\u00e1\u0159\u00edch.\u00a0 Do programu jsme za\u0159adili\u00a0na\u0161e obl\u00edben\u00e9 v\u00e1no\u010dn\u00ed skladby z\u00a0r\u016fzn\u00fdch kout\u016f Evropy a\u00a0nov\u00fd spiritu\u00e1l \u201eRide the chariot.\u201c V\u00a0posledn\u00ed \u010d\u00e1sti koncertu jste\u2026","rel":"","context":"In &quot;Advent&quot;","block_context":{"text":"Advent","link":"https:\/\/www.sborissimo.cz\/index.php\/category\/advent\/"},"img":{"alt_text":"V\u00e1noce 2017","src":"https:\/\/i0.wp.com\/www.sborissimo.cz\/wp-content\/uploads\/2017\/12\/SB_web_V%C3%A1noce2017_1280x720-1.png?fit=1200%2C675&ssl=1&resize=350%2C200","width":350,"height":200,"srcset":"https:\/\/i0.wp.com\/www.sborissimo.cz\/wp-content\/uploads\/2017\/12\/SB_web_V%C3%A1noce2017_1280x720-1.png?fit=1200%2C675&ssl=1&resize=350%2C200 1x, https:\/\/i0.wp.com\/www.sborissimo.cz\/wp-content\/uploads\/2017\/12\/SB_web_V%C3%A1noce2017_1280x720-1.png?fit=1200%2C675&ssl=1&resize=525%2C300 1.5x, https:\/\/i0.wp.com\/www.sborissimo.cz\/wp-content\/uploads\/2017\/12\/SB_web_V%C3%A1noce2017_1280x720-1.png?fit=1200%2C675&ssl=1&resize=700%2C400 2x, https:\/\/i0.wp.com\/www.sborissimo.cz\/wp-content\/uploads\/2017\/12\/SB_web_V%C3%A1noce2017_1280x720-1.png?fit=1200%2C675&ssl=1&resize=1050%2C600 3x"},"classes":[]},{"id":2380,"url":"https:\/\/www.sborissimo.cz\/index.php\/2019\/08\/31\/zvikovsky-rarasek-2\/","url_meta":{"origin":831,"position":5},"title":"Zv\u00edkovsk\u00fd rar\u00e1\u0161ek","author":"sborissimo","date":"31. 8. 2019","format":"gallery","excerpt":"Z\u00e1v\u011br divadeln\u00edho l\u00e9ta pat\u0159il tradi\u010dn\u011b Zv\u00edkovsk\u00e9mu rar\u00e1\u0161kovi v pod\u00e1n\u00ed divadeln\u00edho spolku Pr\u00e1che\u0148sk\u00e1 sc\u00e9na. Nebylo to v\u0161ak jen tak oby\u010dejn\u00e9 p\u0159edstaven\u00ed...","rel":"","context":"In &quot;P\u00edsek&quot;","block_context":{"text":"P\u00edsek","link":"https:\/\/www.sborissimo.cz\/index.php\/category\/pisek\/"},"img":{"alt_text":"Sborissimo - Zv\u00edkovsk\u00fd rar\u00e1\u0161ek","src":"https:\/\/i0.wp.com\/www.sborissimo.cz\/wp-content\/uploads\/2019\/08\/IMG_1621.jpg?fit=1200%2C411&ssl=1&resize=350%2C200","width":350,"height":200,"srcset":"https:\/\/i0.wp.com\/www.sborissimo.cz\/wp-content\/uploads\/2019\/08\/IMG_1621.jpg?fit=1200%2C411&ssl=1&resize=350%2C200 1x, https:\/\/i0.wp.com\/www.sborissimo.cz\/wp-content\/uploads\/2019\/08\/IMG_1621.jpg?fit=1200%2C411&ssl=1&resize=525%2C300 1.5x, https:\/\/i0.wp.com\/www.sborissimo.cz\/wp-content\/uploads\/2019\/08\/IMG_1621.jpg?fit=1200%2C411&ssl=1&resize=700%2C400 2x, https:\/\/i0.wp.com\/www.sborissimo.cz\/wp-content\/uploads\/2019\/08\/IMG_1621.jpg?fit=1200%2C411&ssl=1&resize=1050%2C600 3x"},"classes":[]}],"_links":{"self":[{"href":"https:\/\/www.sborissimo.cz\/index.php\/wp-json\/wp\/v2\/posts\/831","targetHints":{"allow":["GET"]}}],"collection":[{"href":"https:\/\/www.sborissimo.cz\/index.php\/wp-json\/wp\/v2\/posts"}],"about":[{"href":"https:\/\/www.sborissimo.cz\/index.php\/wp-json\/wp\/v2\/types\/post"}],"author":[{"embeddable":true,"href":"https:\/\/www.sborissimo.cz\/index.php\/wp-json\/wp\/v2\/users\/1"}],"replies":[{"embeddable":true,"href":"https:\/\/www.sborissimo.cz\/index.php\/wp-json\/wp\/v2\/comments?post=831"}],"version-history":[{"count":2,"href":"https:\/\/www.sborissimo.cz\/index.php\/wp-json\/wp\/v2\/posts\/831\/revisions"}],"predecessor-version":[{"id":833,"href":"https:\/\/www.sborissimo.cz\/index.php\/wp-json\/wp\/v2\/posts\/831\/revisions\/833"}],"wp:featuredmedia":[{"embeddable":true,"href":"https:\/\/www.sborissimo.cz\/index.php\/wp-json\/wp\/v2\/media\/317"}],"wp:attachment":[{"href":"https:\/\/www.sborissimo.cz\/index.php\/wp-json\/wp\/v2\/media?parent=831"}],"wp:term":[{"taxonomy":"category","embeddable":true,"href":"https:\/\/www.sborissimo.cz\/index.php\/wp-json\/wp\/v2\/categories?post=831"},{"taxonomy":"post_tag","embeddable":true,"href":"https:\/\/www.sborissimo.cz\/index.php\/wp-json\/wp\/v2\/tags?post=831"}],"curies":[{"name":"wp","href":"https:\/\/api.w.org\/{rel}","templated":true}]}}