{"id":885,"date":"2016-11-25T10:23:15","date_gmt":"2016-11-25T10:23:15","guid":{"rendered":"http:\/\/www.sborissimo.cz\/?p=885"},"modified":"2018-02-08T09:57:33","modified_gmt":"2018-02-08T09:57:33","slug":"25-11-2016-vystoupeni-v-psychiatricke-lecebne","status":"publish","type":"post","link":"https:\/\/www.sborissimo.cz\/index.php\/2016\/11\/25\/25-11-2016-vystoupeni-v-psychiatricke-lecebne\/","title":{"rendered":"25.&nbsp;11.&nbsp;2016 Vystoupen\u00ed v&nbsp;Psychiatrick\u00e9 l\u00e9\u010debn\u011b"},"content":{"rendered":"<p>V p\u0159edv\u00e1no\u010dn\u00ed \u010das jsme i&nbsp;zde pot\u011b\u0161ili na\u0161e p\u0159\u00edznivce.<\/p>\n<div class=\"tiled-gallery type-rectangular tiled-gallery-unresized\" data-original-width=\"620\" data-carousel-extra='{&quot;blog_id&quot;:1,&quot;permalink&quot;:&quot;https:\\\/\\\/www.sborissimo.cz\\\/index.php\\\/2016\\\/11\\\/25\\\/25-11-2016-vystoupeni-v-psychiatricke-lecebne\\\/&quot;,&quot;likes_blog_id&quot;:136623263}' itemscope itemtype=\"http:\/\/schema.org\/ImageGallery\" > <div class=\"gallery-row\" style=\"width: 620px; height: 466px;\" data-original-width=\"620\" data-original-height=\"466\" > <div class=\"gallery-group images-1\" style=\"width: 620px; height: 466px;\" data-original-width=\"620\" data-original-height=\"466\" > <div class=\"tiled-gallery-item tiled-gallery-item-large\" itemprop=\"associatedMedia\" itemscope itemtype=\"http:\/\/schema.org\/ImageObject\"> <a href=\"https:\/\/www.sborissimo.cz\/index.php\/2016\/11\/25\/25-11-2016-vystoupeni-v-psychiatricke-lecebne\/15820046_10207075401395227_305125280_n\/#main\" border=\"0\" itemprop=\"url\"> <meta itemprop=\"width\" content=\"616\"> <meta itemprop=\"height\" content=\"462\"> <img decoding=\"async\" class=\"\" data-attachment-id=\"886\" data-orig-file=\"https:\/\/www.sborissimo.cz\/wp-content\/uploads\/2018\/02\/15820046_10207075401395227_305125280_n.jpg\" data-orig-size=\"720,540\" data-comments-opened=\"1\" data-image-meta=\"{&quot;aperture&quot;:&quot;0&quot;,&quot;credit&quot;:&quot;&quot;,&quot;camera&quot;:&quot;&quot;,&quot;caption&quot;:&quot;&quot;,&quot;created_timestamp&quot;:&quot;0&quot;,&quot;copyright&quot;:&quot;&quot;,&quot;focal_length&quot;:&quot;0&quot;,&quot;iso&quot;:&quot;0&quot;,&quot;shutter_speed&quot;:&quot;0&quot;,&quot;title&quot;:&quot;&quot;,&quot;orientation&quot;:&quot;0&quot;}\" data-image-title=\"Sborissimo\" data-image-description=\"\" data-medium-file=\"https:\/\/i0.wp.com\/www.sborissimo.cz\/wp-content\/uploads\/2018\/02\/15820046_10207075401395227_305125280_n.jpg?fit=300%2C225&#038;ssl=1\" data-large-file=\"https:\/\/i0.wp.com\/www.sborissimo.cz\/wp-content\/uploads\/2018\/02\/15820046_10207075401395227_305125280_n.jpg?fit=620%2C465&#038;ssl=1\" src=\"https:\/\/i0.wp.com\/www.sborissimo.cz\/wp-content\/uploads\/2018\/02\/15820046_10207075401395227_305125280_n.jpg?w=616&#038;h=462&#038;ssl=1\" srcset=\"https:\/\/i0.wp.com\/www.sborissimo.cz\/wp-content\/uploads\/2018\/02\/15820046_10207075401395227_305125280_n.jpg?w=720&amp;ssl=1 720w, https:\/\/i0.wp.com\/www.sborissimo.cz\/wp-content\/uploads\/2018\/02\/15820046_10207075401395227_305125280_n.jpg?resize=300%2C225&amp;ssl=1 300w, https:\/\/i0.wp.com\/www.sborissimo.cz\/wp-content\/uploads\/2018\/02\/15820046_10207075401395227_305125280_n.jpg?resize=507%2C380&amp;ssl=1 507w\" width=\"616\" height=\"462\" loading=\"lazy\" data-original-width=\"616\" data-original-height=\"462\" itemprop=\"http:\/\/schema.org\/image\" title=\"Sborissimo\" alt=\"Sborissimo\" style=\"width: 616px; height: 462px;\" \/> <\/a> <\/div> <\/div> <!-- close group --> <\/div> <!-- close row --> <\/div>\n<p>&nbsp;<\/p>\n","protected":false},"excerpt":{"rendered":"<p>V p\u0159edv\u00e1no\u010dn\u00ed \u010das jsme i&nbsp;zde pot\u011b\u0161ili na\u0161e p\u0159\u00edznivce. &nbsp;<\/p>\n","protected":false},"author":1,"featured_media":887,"comment_status":"closed","ping_status":"open","sticky":false,"template":"","format":"gallery","meta":{"jetpack_post_was_ever_published":false,"_jetpack_newsletter_access":"","_jetpack_dont_email_post_to_subs":false,"_jetpack_newsletter_tier_id":0,"_jetpack_memberships_contains_paywalled_content":false,"_jetpack_memberships_contains_paid_content":false,"footnotes":"","jetpack_publicize_message":"","jetpack_publicize_feature_enabled":true,"jetpack_social_post_already_shared":true,"jetpack_social_options":{"image_generator_settings":{"template":"highway","default_image_id":0,"font":"","enabled":false},"version":2}},"categories":[8],"tags":[],"class_list":["post-885","post","type-post","status-publish","format-gallery","has-post-thumbnail","hentry","category-pisek","post_format-post-format-gallery","with-featured-image"],"jetpack_publicize_connections":[],"jetpack_featured_media_url":"https:\/\/i0.wp.com\/www.sborissimo.cz\/wp-content\/uploads\/2018\/02\/15822321_10207075402715260_13098564_n.jpg?fit=720%2C540&ssl=1","jetpack_sharing_enabled":true,"jetpack_shortlink":"https:\/\/wp.me\/p9ffX1-eh","jetpack_likes_enabled":true,"jetpack-related-posts":[{"id":1023,"url":"https:\/\/www.sborissimo.cz\/index.php\/2013\/05\/24\/24-5-2013-koncert-v-obecnim-dome-v-praze\/","url_meta":{"origin":885,"position":0},"title":"24.&nbsp;5.&nbsp;2013 Koncert v&nbsp;Obecn\u00edm dom\u011b v&nbsp;Praze","author":"sborissimo","date":"24. 5. 2013","format":"gallery","excerpt":"M\u011bli jsme tu \u010dest si zazp\u00edvat v Obecn\u00edm dom\u011b v Praze. Byl to pro n\u00e1s opravdu velk\u00fd z\u00e1\u017eitek.","rel":"","context":"In &quot;Z\u00e1jezdy&quot;","block_context":{"text":"Z\u00e1jezdy","link":"https:\/\/www.sborissimo.cz\/index.php\/category\/zajezdy\/"},"img":{"alt_text":"","src":"https:\/\/i0.wp.com\/www.sborissimo.cz\/wp-content\/uploads\/2018\/02\/dsc02646.jpg?fit=640%2C480&ssl=1&resize=350%2C200","width":350,"height":200,"srcset":"https:\/\/i0.wp.com\/www.sborissimo.cz\/wp-content\/uploads\/2018\/02\/dsc02646.jpg?fit=640%2C480&ssl=1&resize=350%2C200 1x, https:\/\/i0.wp.com\/www.sborissimo.cz\/wp-content\/uploads\/2018\/02\/dsc02646.jpg?fit=640%2C480&ssl=1&resize=525%2C300 1.5x"},"classes":[]},{"id":1027,"url":"https:\/\/www.sborissimo.cz\/index.php\/2013\/03\/22\/22-3-2013-koncert-v-kostele-v-cimelicich\/","url_meta":{"origin":885,"position":1},"title":"22.&nbsp;3.&nbsp;2013 koncert v&nbsp;kostele v&nbsp;\u010cimelic\u00edch","author":"sborissimo","date":"22. 3. 2013","format":"gallery","excerpt":"Dostali jsme pozv\u00e1n\u00ed zazp\u00edvat v kostele v \u010cimelic\u00edch. D\u011bkujeme za velmi v\u0159el\u00e9 p\u0159ijet\u00ed a bohat\u00e9 poho\u0161t\u011bn\u00ed.","rel":"","context":"In &quot;Z\u00e1jezdy&quot;","block_context":{"text":"Z\u00e1jezdy","link":"https:\/\/www.sborissimo.cz\/index.php\/category\/zajezdy\/"},"img":{"alt_text":"","src":"https:\/\/i0.wp.com\/www.sborissimo.cz\/wp-content\/uploads\/2018\/02\/dsc_0235.jpg?fit=640%2C430&ssl=1&resize=350%2C200","width":350,"height":200,"srcset":"https:\/\/i0.wp.com\/www.sborissimo.cz\/wp-content\/uploads\/2018\/02\/dsc_0235.jpg?fit=640%2C430&ssl=1&resize=350%2C200 1x, https:\/\/i0.wp.com\/www.sborissimo.cz\/wp-content\/uploads\/2018\/02\/dsc_0235.jpg?fit=640%2C430&ssl=1&resize=525%2C300 1.5x"},"classes":[]},{"id":3519,"url":"https:\/\/www.sborissimo.cz\/index.php\/2026\/01\/31\/rok-2025-v-nasem-sboru\/","url_meta":{"origin":885,"position":2},"title":"Rok 2025 v&nbsp;na\u0161em sboru","author":"sborissimo","date":"31. 1. 2026","format":"gallery","excerpt":"V roce 2025 jsme si zazp\u00edvali spole\u010dn\u011b se strakonick\u00fdm sborem Hlaso\u0148, z\u00fa\u010dastnili se slavnostn\u00edho koncertu \"Jan\u00e1\u010dk\u016fv ve\u010der po 100 letech,\" hudebn\u011b vy\u0161perkovali divadln\u00ed hru pod \u0161ir\u00fdm nebem \"Zv\u00edkovsk\u00fd rar\u00e1\u0161ek\" a nav\u00e1zali na mezisborov\u00e1 p\u0159\u00e1telstv\u00ed na festivalu ve Vod\u0148anech. Zapojili jsme se do vz\u00e1jemn\u00e9 podpory p\u00edseck\u00fdch spolk\u016f. Konec roku jsme tradi\u010dn\u011b\u2026","rel":"","context":"In &quot;Advent&quot;","block_context":{"text":"Advent","link":"https:\/\/www.sborissimo.cz\/index.php\/category\/advent\/"},"img":{"alt_text":"","src":"https:\/\/i0.wp.com\/www.sborissimo.cz\/wp-content\/uploads\/2026\/01\/847445ae-02c7-4910-99c3-47f42c47622b.jpeg?fit=1200%2C1102&ssl=1&resize=350%2C200","width":350,"height":200,"srcset":"https:\/\/i0.wp.com\/www.sborissimo.cz\/wp-content\/uploads\/2026\/01\/847445ae-02c7-4910-99c3-47f42c47622b.jpeg?fit=1200%2C1102&ssl=1&resize=350%2C200 1x, https:\/\/i0.wp.com\/www.sborissimo.cz\/wp-content\/uploads\/2026\/01\/847445ae-02c7-4910-99c3-47f42c47622b.jpeg?fit=1200%2C1102&ssl=1&resize=525%2C300 1.5x, https:\/\/i0.wp.com\/www.sborissimo.cz\/wp-content\/uploads\/2026\/01\/847445ae-02c7-4910-99c3-47f42c47622b.jpeg?fit=1200%2C1102&ssl=1&resize=700%2C400 2x, https:\/\/i0.wp.com\/www.sborissimo.cz\/wp-content\/uploads\/2026\/01\/847445ae-02c7-4910-99c3-47f42c47622b.jpeg?fit=1200%2C1102&ssl=1&resize=1050%2C600 3x"},"classes":[]},{"id":1914,"url":"https:\/\/www.sborissimo.cz\/index.php\/2019\/05\/18\/jihocesi-v-linci\/","url_meta":{"origin":885,"position":3},"title":"Jiho\u010de\u0161i v&nbsp;Linci","author":"sborissimo","date":"18. 5. 2019","format":"gallery","excerpt":"18. kv\u011btna jsme reprezentovali m\u011bsto P\u00edsek na Dnech jiho\u010desk\u00e9 kultury v rakousk\u00e9m Linci.","rel":"","context":"In &quot;Z\u00e1jezdy&quot;","block_context":{"text":"Z\u00e1jezdy","link":"https:\/\/www.sborissimo.cz\/index.php\/category\/zajezdy\/"},"img":{"alt_text":"Sborissimo Linec","src":"https:\/\/i0.wp.com\/www.sborissimo.cz\/wp-content\/uploads\/2019\/05\/Linz.jpg?fit=1200%2C457&ssl=1&resize=350%2C200","width":350,"height":200,"srcset":"https:\/\/i0.wp.com\/www.sborissimo.cz\/wp-content\/uploads\/2019\/05\/Linz.jpg?fit=1200%2C457&ssl=1&resize=350%2C200 1x, https:\/\/i0.wp.com\/www.sborissimo.cz\/wp-content\/uploads\/2019\/05\/Linz.jpg?fit=1200%2C457&ssl=1&resize=525%2C300 1.5x, https:\/\/i0.wp.com\/www.sborissimo.cz\/wp-content\/uploads\/2019\/05\/Linz.jpg?fit=1200%2C457&ssl=1&resize=700%2C400 2x, https:\/\/i0.wp.com\/www.sborissimo.cz\/wp-content\/uploads\/2019\/05\/Linz.jpg?fit=1200%2C457&ssl=1&resize=1050%2C600 3x"},"classes":[]},{"id":947,"url":"https:\/\/www.sborissimo.cz\/index.php\/2015\/12\/12\/2015-koncert-v-kremzi\/","url_meta":{"origin":885,"position":4},"title":"12.&nbsp;12.&nbsp;2015 koncert v&nbsp;K\u0159em\u017ei","author":"sborissimo","date":"12. 12. 2015","format":"gallery","excerpt":"P\u0159edv\u00e1no\u010dn\u00ed \u010das jsme si zpest\u0159ili a zazp\u00edvali si v malebn\u00e9m kostel\u00edku v K\u0159em\u017ei. D\u011bkujeme za pozv\u00e1n\u00ed, byli jsme tam n\u00e1dhern\u011b p\u0159ijati.","rel":"","context":"In &quot;Z\u00e1jezdy&quot;","block_context":{"text":"Z\u00e1jezdy","link":"https:\/\/www.sborissimo.cz\/index.php\/category\/zajezdy\/"},"img":{"alt_text":"","src":"https:\/\/i0.wp.com\/www.sborissimo.cz\/wp-content\/uploads\/2018\/02\/dsc_0832u.jpg?fit=640%2C424&ssl=1&resize=350%2C200","width":350,"height":200,"srcset":"https:\/\/i0.wp.com\/www.sborissimo.cz\/wp-content\/uploads\/2018\/02\/dsc_0832u.jpg?fit=640%2C424&ssl=1&resize=350%2C200 1x, https:\/\/i0.wp.com\/www.sborissimo.cz\/wp-content\/uploads\/2018\/02\/dsc_0832u.jpg?fit=640%2C424&ssl=1&resize=525%2C300 1.5x"},"classes":[]},{"id":958,"url":"https:\/\/www.sborissimo.cz\/index.php\/2015\/04\/25\/25-4-2015-klasterni-kostel-v-pisku\/","url_meta":{"origin":885,"position":5},"title":"25.&nbsp;4.&nbsp;2015 Kl\u00e1\u0161tern\u00ed kostel v&nbsp;P\u00edsku","author":"sborissimo","date":"25. 4. 2015","format":"gallery","excerpt":"Truv\u00e9rskou a Gospelovou m\u0161i jsme si zazp\u00edvali je\u0161t\u011b jednou v kl\u00e1\u0161tern\u00edm kostele v P\u00edsku.","rel":"","context":"In &quot;P\u00edsek&quot;","block_context":{"text":"P\u00edsek","link":"https:\/\/www.sborissimo.cz\/index.php\/category\/pisek\/"},"img":{"alt_text":"","src":"https:\/\/i0.wp.com\/www.sborissimo.cz\/wp-content\/uploads\/2018\/02\/truverska-a-gospelova-mse-v-klasternim-kostele.jpg?fit=640%2C480&ssl=1&resize=350%2C200","width":350,"height":200,"srcset":"https:\/\/i0.wp.com\/www.sborissimo.cz\/wp-content\/uploads\/2018\/02\/truverska-a-gospelova-mse-v-klasternim-kostele.jpg?fit=640%2C480&ssl=1&resize=350%2C200 1x, https:\/\/i0.wp.com\/www.sborissimo.cz\/wp-content\/uploads\/2018\/02\/truverska-a-gospelova-mse-v-klasternim-kostele.jpg?fit=640%2C480&ssl=1&resize=525%2C300 1.5x"},"classes":[]}],"_links":{"self":[{"href":"https:\/\/www.sborissimo.cz\/index.php\/wp-json\/wp\/v2\/posts\/885","targetHints":{"allow":["GET"]}}],"collection":[{"href":"https:\/\/www.sborissimo.cz\/index.php\/wp-json\/wp\/v2\/posts"}],"about":[{"href":"https:\/\/www.sborissimo.cz\/index.php\/wp-json\/wp\/v2\/types\/post"}],"author":[{"embeddable":true,"href":"https:\/\/www.sborissimo.cz\/index.php\/wp-json\/wp\/v2\/users\/1"}],"replies":[{"embeddable":true,"href":"https:\/\/www.sborissimo.cz\/index.php\/wp-json\/wp\/v2\/comments?post=885"}],"version-history":[{"count":2,"href":"https:\/\/www.sborissimo.cz\/index.php\/wp-json\/wp\/v2\/posts\/885\/revisions"}],"predecessor-version":[{"id":903,"href":"https:\/\/www.sborissimo.cz\/index.php\/wp-json\/wp\/v2\/posts\/885\/revisions\/903"}],"wp:featuredmedia":[{"embeddable":true,"href":"https:\/\/www.sborissimo.cz\/index.php\/wp-json\/wp\/v2\/media\/887"}],"wp:attachment":[{"href":"https:\/\/www.sborissimo.cz\/index.php\/wp-json\/wp\/v2\/media?parent=885"}],"wp:term":[{"taxonomy":"category","embeddable":true,"href":"https:\/\/www.sborissimo.cz\/index.php\/wp-json\/wp\/v2\/categories?post=885"},{"taxonomy":"post_tag","embeddable":true,"href":"https:\/\/www.sborissimo.cz\/index.php\/wp-json\/wp\/v2\/tags?post=885"}],"curies":[{"name":"wp","href":"https:\/\/api.w.org\/{rel}","templated":true}]}}