{"id":958,"date":"2015-04-25T11:52:08","date_gmt":"2015-04-25T11:52:08","guid":{"rendered":"http:\/\/www.sborissimo.cz\/?p=958"},"modified":"2018-03-02T21:53:14","modified_gmt":"2018-03-02T21:53:14","slug":"25-4-2015-klasterni-kostel-v-pisku","status":"publish","type":"post","link":"https:\/\/www.sborissimo.cz\/index.php\/2015\/04\/25\/25-4-2015-klasterni-kostel-v-pisku\/","title":{"rendered":"25.&nbsp;4.&nbsp;2015 Kl\u00e1\u0161tern\u00ed kostel v&nbsp;P\u00edsku"},"content":{"rendered":"<p>Truv\u00e9rskou a&nbsp;Gospelovou m\u0161i jsme si zazp\u00edvali je\u0161t\u011b jednou v&nbsp;kl\u00e1\u0161tern\u00edm kostele v&nbsp;P\u00edsku.<\/p>\n<div class=\"tiled-gallery type-rectangular tiled-gallery-unresized\" data-original-width=\"620\" data-carousel-extra='{&quot;blog_id&quot;:1,&quot;permalink&quot;:&quot;https:\\\/\\\/www.sborissimo.cz\\\/index.php\\\/2015\\\/04\\\/25\\\/25-4-2015-klasterni-kostel-v-pisku\\\/&quot;,&quot;likes_blog_id&quot;:136623263}' itemscope itemtype=\"http:\/\/schema.org\/ImageGallery\" > <div class=\"gallery-row\" style=\"width: 620px; height: 234px;\" data-original-width=\"620\" data-original-height=\"234\" > <div class=\"gallery-group images-1\" style=\"width: 310px; height: 234px;\" data-original-width=\"310\" data-original-height=\"234\" > <div class=\"tiled-gallery-item tiled-gallery-item-large\" itemprop=\"associatedMedia\" itemscope itemtype=\"http:\/\/schema.org\/ImageObject\"> <a href=\"https:\/\/www.sborissimo.cz\/index.php\/2015\/04\/25\/25-4-2015-klasterni-kostel-v-pisku\/bubenik\/#main\" border=\"0\" itemprop=\"url\"> <meta itemprop=\"width\" content=\"306\"> <meta itemprop=\"height\" content=\"230\"> <img decoding=\"async\" class=\"\" data-attachment-id=\"959\" data-orig-file=\"https:\/\/www.sborissimo.cz\/wp-content\/uploads\/2018\/02\/bubenik.jpg\" data-orig-size=\"580,435\" data-comments-opened=\"1\" data-image-meta=\"{&quot;aperture&quot;:&quot;0&quot;,&quot;credit&quot;:&quot;&quot;,&quot;camera&quot;:&quot;&quot;,&quot;caption&quot;:&quot;&quot;,&quot;created_timestamp&quot;:&quot;0&quot;,&quot;copyright&quot;:&quot;&quot;,&quot;focal_length&quot;:&quot;0&quot;,&quot;iso&quot;:&quot;0&quot;,&quot;shutter_speed&quot;:&quot;0&quot;,&quot;title&quot;:&quot;&quot;,&quot;orientation&quot;:&quot;0&quot;}\" data-image-title=\"bubenik\" data-image-description=\"\" data-medium-file=\"https:\/\/i0.wp.com\/www.sborissimo.cz\/wp-content\/uploads\/2018\/02\/bubenik.jpg?fit=300%2C225&#038;ssl=1\" data-large-file=\"https:\/\/i0.wp.com\/www.sborissimo.cz\/wp-content\/uploads\/2018\/02\/bubenik.jpg?fit=580%2C435&#038;ssl=1\" src=\"https:\/\/i0.wp.com\/www.sborissimo.cz\/wp-content\/uploads\/2018\/02\/bubenik.jpg?w=306&#038;h=230&#038;ssl=1\" srcset=\"https:\/\/i0.wp.com\/www.sborissimo.cz\/wp-content\/uploads\/2018\/02\/bubenik.jpg?w=580&amp;ssl=1 580w, https:\/\/i0.wp.com\/www.sborissimo.cz\/wp-content\/uploads\/2018\/02\/bubenik.jpg?resize=300%2C225&amp;ssl=1 300w, https:\/\/i0.wp.com\/www.sborissimo.cz\/wp-content\/uploads\/2018\/02\/bubenik.jpg?resize=507%2C380&amp;ssl=1 507w\" width=\"306\" height=\"230\" loading=\"lazy\" data-original-width=\"306\" data-original-height=\"230\" itemprop=\"http:\/\/schema.org\/image\" title=\"bubenik\" alt=\"bubenik\" style=\"width: 306px; height: 230px;\" \/> <\/a> <\/div> <\/div> <!-- close group --> <div class=\"gallery-group images-1\" style=\"width: 310px; height: 234px;\" data-original-width=\"310\" data-original-height=\"234\" > <div class=\"tiled-gallery-item tiled-gallery-item-large\" itemprop=\"associatedMedia\" itemscope itemtype=\"http:\/\/schema.org\/ImageObject\"> <a href=\"https:\/\/www.sborissimo.cz\/index.php\/2015\/04\/25\/25-4-2015-klasterni-kostel-v-pisku\/truverska-a-gospelova-mse-v-klasternim-kostele\/#main\" border=\"0\" itemprop=\"url\"> <meta itemprop=\"width\" content=\"306\"> <meta itemprop=\"height\" content=\"230\"> <img decoding=\"async\" class=\"\" data-attachment-id=\"960\" data-orig-file=\"https:\/\/www.sborissimo.cz\/wp-content\/uploads\/2018\/02\/truverska-a-gospelova-mse-v-klasternim-kostele.jpg\" data-orig-size=\"640,480\" data-comments-opened=\"1\" data-image-meta=\"{&quot;aperture&quot;:&quot;2.8&quot;,&quot;credit&quot;:&quot;&quot;,&quot;camera&quot;:&quot;DMC-FZ3&quot;,&quot;caption&quot;:&quot;&quot;,&quot;created_timestamp&quot;:&quot;1429974811&quot;,&quot;copyright&quot;:&quot;&quot;,&quot;focal_length&quot;:&quot;4.6&quot;,&quot;iso&quot;:&quot;400&quot;,&quot;shutter_speed&quot;:&quot;0.0166666666667&quot;,&quot;title&quot;:&quot;&quot;,&quot;orientation&quot;:&quot;1&quot;}\" data-image-title=\"truverska-a-gospelova-mse-v-klasternim-kostele\" data-image-description=\"\" data-medium-file=\"https:\/\/i0.wp.com\/www.sborissimo.cz\/wp-content\/uploads\/2018\/02\/truverska-a-gospelova-mse-v-klasternim-kostele.jpg?fit=300%2C225&#038;ssl=1\" data-large-file=\"https:\/\/i0.wp.com\/www.sborissimo.cz\/wp-content\/uploads\/2018\/02\/truverska-a-gospelova-mse-v-klasternim-kostele.jpg?fit=620%2C465&#038;ssl=1\" src=\"https:\/\/i0.wp.com\/www.sborissimo.cz\/wp-content\/uploads\/2018\/02\/truverska-a-gospelova-mse-v-klasternim-kostele.jpg?w=306&#038;h=230&#038;ssl=1\" srcset=\"https:\/\/i0.wp.com\/www.sborissimo.cz\/wp-content\/uploads\/2018\/02\/truverska-a-gospelova-mse-v-klasternim-kostele.jpg?w=640&amp;ssl=1 640w, https:\/\/i0.wp.com\/www.sborissimo.cz\/wp-content\/uploads\/2018\/02\/truverska-a-gospelova-mse-v-klasternim-kostele.jpg?resize=300%2C225&amp;ssl=1 300w, https:\/\/i0.wp.com\/www.sborissimo.cz\/wp-content\/uploads\/2018\/02\/truverska-a-gospelova-mse-v-klasternim-kostele.jpg?resize=507%2C380&amp;ssl=1 507w\" width=\"306\" height=\"230\" loading=\"lazy\" data-original-width=\"306\" data-original-height=\"230\" itemprop=\"http:\/\/schema.org\/image\" title=\"truverska-a-gospelova-mse-v-klasternim-kostele\" alt=\"truverska-a-gospelova-mse-v-klasternim-kostele\" style=\"width: 306px; height: 230px;\" \/> <\/a> <\/div> <\/div> <!-- close group --> <\/div> <!-- close row --> <\/div>\n","protected":false},"excerpt":{"rendered":"<p>Truv\u00e9rskou a&nbsp;Gospelovou m\u0161i jsme si zazp\u00edvali je\u0161t\u011b jednou v&nbsp;kl\u00e1\u0161tern\u00edm kostele v&nbsp;P\u00edsku.<\/p>\n","protected":false},"author":1,"featured_media":960,"comment_status":"closed","ping_status":"open","sticky":false,"template":"","format":"gallery","meta":{"jetpack_post_was_ever_published":false,"_jetpack_newsletter_access":"","_jetpack_dont_email_post_to_subs":false,"_jetpack_newsletter_tier_id":0,"_jetpack_memberships_contains_paywalled_content":false,"_jetpack_memberships_contains_paid_content":false,"footnotes":"","jetpack_publicize_message":"","jetpack_publicize_feature_enabled":true,"jetpack_social_post_already_shared":true,"jetpack_social_options":{"image_generator_settings":{"template":"highway","default_image_id":0,"font":"","enabled":false},"version":2}},"categories":[8],"tags":[32],"class_list":["post-958","post","type-post","status-publish","format-gallery","has-post-thumbnail","hentry","category-pisek","tag-kostel","post_format-post-format-gallery","with-featured-image"],"jetpack_publicize_connections":[],"jetpack_featured_media_url":"https:\/\/i0.wp.com\/www.sborissimo.cz\/wp-content\/uploads\/2018\/02\/truverska-a-gospelova-mse-v-klasternim-kostele.jpg?fit=640%2C480&ssl=1","jetpack_sharing_enabled":true,"jetpack_shortlink":"https:\/\/wp.me\/p9ffX1-fs","jetpack_likes_enabled":true,"jetpack-related-posts":[{"id":2508,"url":"https:\/\/www.sborissimo.cz\/index.php\/2019\/12\/02\/dusickovy-koncert\/","url_meta":{"origin":958,"position":0},"title":"Du\u0161i\u010dkov\u00fd koncert","author":"sborissimo","date":"2. 12. 2019","format":"gallery","excerpt":"v\u011bnovan\u00fd v\u0161em zesnul\u00fdm rozezn\u011bl 2. listopadu D\u011bkansk\u00fd kostel v P\u00edsku. Pod veden\u00edm Old\u0159icha Vl\u010dka jsme vystoupili s orchestrem Virtuosi di Praga a s\u00f3listy.","rel":"","context":"In &quot;P\u00edsek&quot;","block_context":{"text":"P\u00edsek","link":"https:\/\/www.sborissimo.cz\/index.php\/category\/pisek\/"},"img":{"alt_text":"Du\u0161i\u010dkov\u00fd koncert v D\u011bkansk\u00e9m kostele","src":"https:\/\/i0.wp.com\/www.sborissimo.cz\/wp-content\/uploads\/2019\/12\/Du%C5%A1i%C4%8Dky2019.png?fit=1200%2C457&ssl=1&resize=350%2C200","width":350,"height":200,"srcset":"https:\/\/i0.wp.com\/www.sborissimo.cz\/wp-content\/uploads\/2019\/12\/Du%C5%A1i%C4%8Dky2019.png?fit=1200%2C457&ssl=1&resize=350%2C200 1x, https:\/\/i0.wp.com\/www.sborissimo.cz\/wp-content\/uploads\/2019\/12\/Du%C5%A1i%C4%8Dky2019.png?fit=1200%2C457&ssl=1&resize=525%2C300 1.5x, https:\/\/i0.wp.com\/www.sborissimo.cz\/wp-content\/uploads\/2019\/12\/Du%C5%A1i%C4%8Dky2019.png?fit=1200%2C457&ssl=1&resize=700%2C400 2x, https:\/\/i0.wp.com\/www.sborissimo.cz\/wp-content\/uploads\/2019\/12\/Du%C5%A1i%C4%8Dky2019.png?fit=1200%2C457&ssl=1&resize=1050%2C600 3x"},"classes":[]},{"id":2819,"url":"https:\/\/www.sborissimo.cz\/index.php\/2024\/12\/27\/adventni-koncerty-2024\/","url_meta":{"origin":958,"position":1},"title":"Adventn\u00ed koncerty 2024","author":"sborissimo","date":"27. 12. 2024","format":"gallery","excerpt":"Na prosinec roku 2024 jsme p\u0159ipravili 4 adventn\u00ed koncerty, kter\u00fdmi jsme pot\u011b\u0161ili na\u0161e p\u0159\u00edznivce z P\u00edsku a bl\u00edzk\u00e9ho okol\u00ed.","rel":"","context":"In &quot;Advent&quot;","block_context":{"text":"Advent","link":"https:\/\/www.sborissimo.cz\/index.php\/category\/advent\/"},"img":{"alt_text":"","src":"https:\/\/i0.wp.com\/www.sborissimo.cz\/wp-content\/uploads\/2025\/01\/470247217_1148854893503655_4451903669696393558_n.jpg?fit=1200%2C747&ssl=1&resize=350%2C200","width":350,"height":200,"srcset":"https:\/\/i0.wp.com\/www.sborissimo.cz\/wp-content\/uploads\/2025\/01\/470247217_1148854893503655_4451903669696393558_n.jpg?fit=1200%2C747&ssl=1&resize=350%2C200 1x, https:\/\/i0.wp.com\/www.sborissimo.cz\/wp-content\/uploads\/2025\/01\/470247217_1148854893503655_4451903669696393558_n.jpg?fit=1200%2C747&ssl=1&resize=525%2C300 1.5x, https:\/\/i0.wp.com\/www.sborissimo.cz\/wp-content\/uploads\/2025\/01\/470247217_1148854893503655_4451903669696393558_n.jpg?fit=1200%2C747&ssl=1&resize=700%2C400 2x, https:\/\/i0.wp.com\/www.sborissimo.cz\/wp-content\/uploads\/2025\/01\/470247217_1148854893503655_4451903669696393558_n.jpg?fit=1200%2C747&ssl=1&resize=1050%2C600 3x"},"classes":[]},{"id":2386,"url":"https:\/\/www.sborissimo.cz\/index.php\/2019\/10\/11\/slavnostni-evropske-requiem\/","url_meta":{"origin":958,"position":2},"title":"Slavnostn\u00ed evropsk\u00e9 requiem","author":"sborissimo","date":"11. 10. 2019","format":"gallery","excerpt":"Dny \u010desk\u00e9 st\u00e1tnosti v P\u00edsku zavr\u0161ila m\u0161e za ob\u011bti totality v D\u011bkansk\u00e9m kostele, kterou jsme hudebn\u011b doprovodili spole\u010dn\u011b s Virtuosi di Praga, s\u00f3listkou N\u00e1rodn\u00edho divadla, Al\u017eb\u011btou Pol\u00e1\u010dkovou, a varhan\u00edkem Ji\u0159\u00edm Emmerem, pod veden\u00edm Old\u0159icha Vl\u010dka.","rel":"","context":"In &quot;P\u00edsek&quot;","block_context":{"text":"P\u00edsek","link":"https:\/\/www.sborissimo.cz\/index.php\/category\/pisek\/"},"img":{"alt_text":"Koncert za ob\u011bti totalitn\u00edch re\u017eim\u016f","src":"https:\/\/i0.wp.com\/www.sborissimo.cz\/wp-content\/uploads\/2019\/10\/Evropsk%C3%A9-requiem2019.png?fit=1200%2C457&ssl=1&resize=350%2C200","width":350,"height":200,"srcset":"https:\/\/i0.wp.com\/www.sborissimo.cz\/wp-content\/uploads\/2019\/10\/Evropsk%C3%A9-requiem2019.png?fit=1200%2C457&ssl=1&resize=350%2C200 1x, https:\/\/i0.wp.com\/www.sborissimo.cz\/wp-content\/uploads\/2019\/10\/Evropsk%C3%A9-requiem2019.png?fit=1200%2C457&ssl=1&resize=525%2C300 1.5x, https:\/\/i0.wp.com\/www.sborissimo.cz\/wp-content\/uploads\/2019\/10\/Evropsk%C3%A9-requiem2019.png?fit=1200%2C457&ssl=1&resize=700%2C400 2x, https:\/\/i0.wp.com\/www.sborissimo.cz\/wp-content\/uploads\/2019\/10\/Evropsk%C3%A9-requiem2019.png?fit=1200%2C457&ssl=1&resize=1050%2C600 3x"},"classes":[]},{"id":1045,"url":"https:\/\/www.sborissimo.cz\/index.php\/2012\/12\/15\/2012-advent-v-pisku\/","url_meta":{"origin":958,"position":3},"title":"2012 Advent v&nbsp;P\u00edsku","author":"sborissimo","date":"15. 12. 2012","format":"gallery","excerpt":"","rel":"","context":"In &quot;Advent&quot;","block_context":{"text":"Advent","link":"https:\/\/www.sborissimo.cz\/index.php\/category\/advent\/"},"img":{"alt_text":"","src":"https:\/\/i0.wp.com\/www.sborissimo.cz\/wp-content\/uploads\/2018\/02\/pc030037.jpg?fit=640%2C480&ssl=1&resize=350%2C200","width":350,"height":200,"srcset":"https:\/\/i0.wp.com\/www.sborissimo.cz\/wp-content\/uploads\/2018\/02\/pc030037.jpg?fit=640%2C480&ssl=1&resize=350%2C200 1x, https:\/\/i0.wp.com\/www.sborissimo.cz\/wp-content\/uploads\/2018\/02\/pc030037.jpg?fit=640%2C480&ssl=1&resize=525%2C300 1.5x"},"classes":[]},{"id":1948,"url":"https:\/\/www.sborissimo.cz\/index.php\/2019\/05\/26\/sborissimost-z-jicina-do-pisku\/","url_meta":{"origin":958,"position":4},"title":"Sborissimost z&nbsp;Ji\u010d\u00edna do P\u00edsku","author":"sborissimo","date":"26. 5. 2019","format":"gallery","excerpt":"V\u00edkendem 24. - 26. kv\u011btna jsme se doslova prozp\u00edvali spole\u010dn\u011b s na\u0161\u00edm sp\u0159\u00e1telen\u00fdm sborem Smetana z Ji\u010d\u00edna.","rel":"","context":"In &quot;P\u00edsek&quot;","block_context":{"text":"P\u00edsek","link":"https:\/\/www.sborissimo.cz\/index.php\/category\/pisek\/"},"img":{"alt_text":"Sborissimost z Ji\u010d\u00edna do P\u00edsku","src":"https:\/\/i0.wp.com\/www.sborissimo.cz\/wp-content\/uploads\/2019\/06\/Sb_web_Smetana_1640x624.png?fit=1200%2C457&ssl=1&resize=350%2C200","width":350,"height":200,"srcset":"https:\/\/i0.wp.com\/www.sborissimo.cz\/wp-content\/uploads\/2019\/06\/Sb_web_Smetana_1640x624.png?fit=1200%2C457&ssl=1&resize=350%2C200 1x, https:\/\/i0.wp.com\/www.sborissimo.cz\/wp-content\/uploads\/2019\/06\/Sb_web_Smetana_1640x624.png?fit=1200%2C457&ssl=1&resize=525%2C300 1.5x, https:\/\/i0.wp.com\/www.sborissimo.cz\/wp-content\/uploads\/2019\/06\/Sb_web_Smetana_1640x624.png?fit=1200%2C457&ssl=1&resize=700%2C400 2x, https:\/\/i0.wp.com\/www.sborissimo.cz\/wp-content\/uploads\/2019\/06\/Sb_web_Smetana_1640x624.png?fit=1200%2C457&ssl=1&resize=1050%2C600 3x"},"classes":[]},{"id":994,"url":"https:\/\/www.sborissimo.cz\/index.php\/2015\/02\/12\/2015-wales\/","url_meta":{"origin":958,"position":5},"title":"2015 Wales","author":"sborissimo","date":"12. 2. 2015","format":"gallery","excerpt":"Nav\u0161t\u00edvili jsme partnerk\u00e9 m\u011bsto P\u00edsku Caerphilly v anglick\u00e9m Walesu a zp\u011bvem jsme oslavili 20. v\u00fdro\u010d\u00ed s t\u00edmto partnersk\u00fdm m\u011bstem.\u00a0 D\u011bkujeme za kr\u00e1sn\u00fd z\u00e1\u017eitek.","rel":"","context":"In &quot;Z\u00e1jezdy&quot;","block_context":{"text":"Z\u00e1jezdy","link":"https:\/\/www.sborissimo.cz\/index.php\/category\/zajezdy\/"},"img":{"alt_text":"","src":"https:\/\/i0.wp.com\/www.sborissimo.cz\/wp-content\/uploads\/2018\/02\/dsc_1295.jpg?fit=640%2C424&ssl=1&resize=350%2C200","width":350,"height":200,"srcset":"https:\/\/i0.wp.com\/www.sborissimo.cz\/wp-content\/uploads\/2018\/02\/dsc_1295.jpg?fit=640%2C424&ssl=1&resize=350%2C200 1x, https:\/\/i0.wp.com\/www.sborissimo.cz\/wp-content\/uploads\/2018\/02\/dsc_1295.jpg?fit=640%2C424&ssl=1&resize=525%2C300 1.5x"},"classes":[]}],"_links":{"self":[{"href":"https:\/\/www.sborissimo.cz\/index.php\/wp-json\/wp\/v2\/posts\/958","targetHints":{"allow":["GET"]}}],"collection":[{"href":"https:\/\/www.sborissimo.cz\/index.php\/wp-json\/wp\/v2\/posts"}],"about":[{"href":"https:\/\/www.sborissimo.cz\/index.php\/wp-json\/wp\/v2\/types\/post"}],"author":[{"embeddable":true,"href":"https:\/\/www.sborissimo.cz\/index.php\/wp-json\/wp\/v2\/users\/1"}],"replies":[{"embeddable":true,"href":"https:\/\/www.sborissimo.cz\/index.php\/wp-json\/wp\/v2\/comments?post=958"}],"version-history":[{"count":1,"href":"https:\/\/www.sborissimo.cz\/index.php\/wp-json\/wp\/v2\/posts\/958\/revisions"}],"predecessor-version":[{"id":961,"href":"https:\/\/www.sborissimo.cz\/index.php\/wp-json\/wp\/v2\/posts\/958\/revisions\/961"}],"wp:featuredmedia":[{"embeddable":true,"href":"https:\/\/www.sborissimo.cz\/index.php\/wp-json\/wp\/v2\/media\/960"}],"wp:attachment":[{"href":"https:\/\/www.sborissimo.cz\/index.php\/wp-json\/wp\/v2\/media?parent=958"}],"wp:term":[{"taxonomy":"category","embeddable":true,"href":"https:\/\/www.sborissimo.cz\/index.php\/wp-json\/wp\/v2\/categories?post=958"},{"taxonomy":"post_tag","embeddable":true,"href":"https:\/\/www.sborissimo.cz\/index.php\/wp-json\/wp\/v2\/tags?post=958"}],"curies":[{"name":"wp","href":"https:\/\/api.w.org\/{rel}","templated":true}]}}