{"id":962,"date":"2014-12-24T11:58:04","date_gmt":"2014-12-24T11:58:04","guid":{"rendered":"http:\/\/www.sborissimo.cz\/?p=962"},"modified":"2018-03-02T21:55:17","modified_gmt":"2018-03-02T21:55:17","slug":"2014-vanocni-koncert-v-trojici","status":"publish","type":"post","link":"https:\/\/www.sborissimo.cz\/index.php\/2014\/12\/24\/2014-vanocni-koncert-v-trojici\/","title":{"rendered":"24.&nbsp;12.&nbsp;2014 V\u00e1no\u010dn\u00ed koncert v&nbsp;Trojici"},"content":{"rendered":"<p>N\u00e1\u0161 tradi\u010dn\u00ed\u00a0 koncert na \u0160t\u011bdr\u00fd den. Moc d\u011bkujeme, \u017ee p\u0159i\u0161lo tolik poslucha\u010d\u016f.<\/p>\n<div class=\"tiled-gallery type-rectangular tiled-gallery-unresized\" data-original-width=\"620\" data-carousel-extra='{&quot;blog_id&quot;:1,&quot;permalink&quot;:&quot;https:\\\/\\\/www.sborissimo.cz\\\/index.php\\\/2014\\\/12\\\/24\\\/2014-vanocni-koncert-v-trojici\\\/&quot;,&quot;likes_blog_id&quot;:136623263}' itemscope itemtype=\"http:\/\/schema.org\/ImageGallery\" > <div class=\"gallery-row\" style=\"width: 620px; height: 435px;\" data-original-width=\"620\" data-original-height=\"435\" > <div class=\"gallery-group images-1\" style=\"width: 293px; height: 435px;\" data-original-width=\"293\" data-original-height=\"435\" > <div class=\"tiled-gallery-item tiled-gallery-item-large\" itemprop=\"associatedMedia\" itemscope itemtype=\"http:\/\/schema.org\/ImageObject\"> <a href=\"https:\/\/www.sborissimo.cz\/index.php\/2014\/12\/24\/2014-vanocni-koncert-v-trojici\/olympus-digital-camera-5\/#main\" border=\"0\" itemprop=\"url\"> <meta itemprop=\"width\" content=\"289\"> <meta itemprop=\"height\" content=\"431\"> <img decoding=\"async\" class=\"\" data-attachment-id=\"963\" data-orig-file=\"https:\/\/www.sborissimo.cz\/wp-content\/uploads\/2018\/02\/pc241119u.jpg\" data-orig-size=\"429,640\" data-comments-opened=\"1\" data-image-meta=\"{&quot;aperture&quot;:&quot;2.4&quot;,&quot;credit&quot;:&quot;&quot;,&quot;camera&quot;:&quot;XZ-10&quot;,&quot;caption&quot;:&quot;OLYMPUS DIGITAL CAMERA&quot;,&quot;created_timestamp&quot;:&quot;1419430500&quot;,&quot;copyright&quot;:&quot;&quot;,&quot;focal_length&quot;:&quot;13.2&quot;,&quot;iso&quot;:&quot;200&quot;,&quot;shutter_speed&quot;:&quot;0.0166666666667&quot;,&quot;title&quot;:&quot;OLYMPUS DIGITAL CAMERA&quot;,&quot;orientation&quot;:&quot;0&quot;}\" data-image-title=\"OLYMPUS DIGITAL CAMERA\" data-image-description=\"\" data-medium-file=\"https:\/\/i0.wp.com\/www.sborissimo.cz\/wp-content\/uploads\/2018\/02\/pc241119u.jpg?fit=201%2C300&#038;ssl=1\" data-large-file=\"https:\/\/i0.wp.com\/www.sborissimo.cz\/wp-content\/uploads\/2018\/02\/pc241119u.jpg?fit=429%2C640&#038;ssl=1\" src=\"https:\/\/i0.wp.com\/www.sborissimo.cz\/wp-content\/uploads\/2018\/02\/pc241119u.jpg?w=289&#038;h=431&#038;ssl=1\" srcset=\"https:\/\/i0.wp.com\/www.sborissimo.cz\/wp-content\/uploads\/2018\/02\/pc241119u.jpg?w=429&amp;ssl=1 429w, https:\/\/i0.wp.com\/www.sborissimo.cz\/wp-content\/uploads\/2018\/02\/pc241119u.jpg?resize=201%2C300&amp;ssl=1 201w, https:\/\/i0.wp.com\/www.sborissimo.cz\/wp-content\/uploads\/2018\/02\/pc241119u.jpg?resize=255%2C380&amp;ssl=1 255w\" width=\"289\" height=\"431\" loading=\"lazy\" data-original-width=\"289\" data-original-height=\"431\" itemprop=\"http:\/\/schema.org\/image\" title=\"OLYMPUS DIGITAL CAMERA\" alt=\"OLYMPUS DIGITAL CAMERA\" style=\"width: 289px; height: 431px;\" \/> <\/a> <div class=\"tiled-gallery-caption\" itemprop=\"caption description\"> OLYMPUS DIGITAL CAMERA <\/div> <\/div> <\/div> <!-- close group --> <div class=\"gallery-group images-1\" style=\"width: 327px; height: 435px;\" data-original-width=\"327\" data-original-height=\"435\" > <div class=\"tiled-gallery-item tiled-gallery-item-large\" itemprop=\"associatedMedia\" itemscope itemtype=\"http:\/\/schema.org\/ImageObject\"> <a href=\"https:\/\/www.sborissimo.cz\/index.php\/2014\/12\/24\/2014-vanocni-koncert-v-trojici\/olympus-digital-camera-6\/#main\" border=\"0\" itemprop=\"url\"> <meta itemprop=\"width\" content=\"323\"> <meta itemprop=\"height\" content=\"431\"> <img decoding=\"async\" class=\"\" data-attachment-id=\"964\" data-orig-file=\"https:\/\/www.sborissimo.cz\/wp-content\/uploads\/2018\/02\/pc241123u.jpg\" data-orig-size=\"480,640\" data-comments-opened=\"1\" data-image-meta=\"{&quot;aperture&quot;:&quot;2.5&quot;,&quot;credit&quot;:&quot;&quot;,&quot;camera&quot;:&quot;XZ-10&quot;,&quot;caption&quot;:&quot;OLYMPUS DIGITAL CAMERA&quot;,&quot;created_timestamp&quot;:&quot;1419430657&quot;,&quot;copyright&quot;:&quot;&quot;,&quot;focal_length&quot;:&quot;17.3&quot;,&quot;iso&quot;:&quot;400&quot;,&quot;shutter_speed&quot;:&quot;0.0166666666667&quot;,&quot;title&quot;:&quot;OLYMPUS DIGITAL CAMERA&quot;,&quot;orientation&quot;:&quot;0&quot;}\" data-image-title=\"OLYMPUS DIGITAL CAMERA\" data-image-description=\"\" data-medium-file=\"https:\/\/i0.wp.com\/www.sborissimo.cz\/wp-content\/uploads\/2018\/02\/pc241123u.jpg?fit=225%2C300&#038;ssl=1\" data-large-file=\"https:\/\/i0.wp.com\/www.sborissimo.cz\/wp-content\/uploads\/2018\/02\/pc241123u.jpg?fit=480%2C640&#038;ssl=1\" src=\"https:\/\/i0.wp.com\/www.sborissimo.cz\/wp-content\/uploads\/2018\/02\/pc241123u.jpg?w=323&#038;h=431&#038;ssl=1\" srcset=\"https:\/\/i0.wp.com\/www.sborissimo.cz\/wp-content\/uploads\/2018\/02\/pc241123u.jpg?w=480&amp;ssl=1 480w, https:\/\/i0.wp.com\/www.sborissimo.cz\/wp-content\/uploads\/2018\/02\/pc241123u.jpg?resize=225%2C300&amp;ssl=1 225w, https:\/\/i0.wp.com\/www.sborissimo.cz\/wp-content\/uploads\/2018\/02\/pc241123u.jpg?resize=285%2C380&amp;ssl=1 285w\" width=\"323\" height=\"431\" loading=\"lazy\" data-original-width=\"323\" data-original-height=\"431\" itemprop=\"http:\/\/schema.org\/image\" title=\"OLYMPUS DIGITAL CAMERA\" alt=\"OLYMPUS DIGITAL CAMERA\" style=\"width: 323px; height: 431px;\" \/> <\/a> <div class=\"tiled-gallery-caption\" itemprop=\"caption description\"> OLYMPUS DIGITAL CAMERA <\/div> <\/div> <\/div> <!-- close group --> <\/div> <!-- close row --> <div class=\"gallery-row\" style=\"width: 620px; height: 311px;\" data-original-width=\"620\" data-original-height=\"311\" > <div class=\"gallery-group images-1\" style=\"width: 414px; height: 311px;\" data-original-width=\"414\" data-original-height=\"311\" > <div class=\"tiled-gallery-item tiled-gallery-item-large\" itemprop=\"associatedMedia\" itemscope itemtype=\"http:\/\/schema.org\/ImageObject\"> <a href=\"https:\/\/www.sborissimo.cz\/index.php\/2014\/12\/24\/2014-vanocni-koncert-v-trojici\/olympus-digital-camera-7\/#main\" border=\"0\" itemprop=\"url\"> <meta itemprop=\"width\" content=\"410\"> <meta itemprop=\"height\" content=\"307\"> <img decoding=\"async\" class=\"\" data-attachment-id=\"965\" data-orig-file=\"https:\/\/www.sborissimo.cz\/wp-content\/uploads\/2018\/02\/pc241124u.jpg\" data-orig-size=\"640,480\" data-comments-opened=\"1\" data-image-meta=\"{&quot;aperture&quot;:&quot;2.1&quot;,&quot;credit&quot;:&quot;&quot;,&quot;camera&quot;:&quot;XZ-10&quot;,&quot;caption&quot;:&quot;OLYMPUS DIGITAL CAMERA&quot;,&quot;created_timestamp&quot;:&quot;1419430698&quot;,&quot;copyright&quot;:&quot;&quot;,&quot;focal_length&quot;:&quot;8.3&quot;,&quot;iso&quot;:&quot;200&quot;,&quot;shutter_speed&quot;:&quot;0.02&quot;,&quot;title&quot;:&quot;OLYMPUS DIGITAL CAMERA&quot;,&quot;orientation&quot;:&quot;0&quot;}\" data-image-title=\"OLYMPUS DIGITAL CAMERA\" data-image-description=\"\" data-medium-file=\"https:\/\/i0.wp.com\/www.sborissimo.cz\/wp-content\/uploads\/2018\/02\/pc241124u.jpg?fit=300%2C225&#038;ssl=1\" data-large-file=\"https:\/\/i0.wp.com\/www.sborissimo.cz\/wp-content\/uploads\/2018\/02\/pc241124u.jpg?fit=620%2C465&#038;ssl=1\" src=\"https:\/\/i0.wp.com\/www.sborissimo.cz\/wp-content\/uploads\/2018\/02\/pc241124u.jpg?w=410&#038;h=307&#038;ssl=1\" srcset=\"https:\/\/i0.wp.com\/www.sborissimo.cz\/wp-content\/uploads\/2018\/02\/pc241124u.jpg?w=640&amp;ssl=1 640w, https:\/\/i0.wp.com\/www.sborissimo.cz\/wp-content\/uploads\/2018\/02\/pc241124u.jpg?resize=300%2C225&amp;ssl=1 300w, https:\/\/i0.wp.com\/www.sborissimo.cz\/wp-content\/uploads\/2018\/02\/pc241124u.jpg?resize=507%2C380&amp;ssl=1 507w\" width=\"410\" height=\"307\" loading=\"lazy\" data-original-width=\"410\" data-original-height=\"307\" itemprop=\"http:\/\/schema.org\/image\" title=\"OLYMPUS DIGITAL CAMERA\" alt=\"OLYMPUS DIGITAL CAMERA\" style=\"width: 410px; height: 307px;\" \/> <\/a> <div class=\"tiled-gallery-caption\" itemprop=\"caption description\"> OLYMPUS DIGITAL CAMERA <\/div> <\/div> <\/div> <!-- close group --> <div class=\"gallery-group images-2\" style=\"width: 206px; height: 311px;\" data-original-width=\"206\" data-original-height=\"311\" > <div class=\"tiled-gallery-item tiled-gallery-item-small\" itemprop=\"associatedMedia\" itemscope itemtype=\"http:\/\/schema.org\/ImageObject\"> <a href=\"https:\/\/www.sborissimo.cz\/index.php\/2014\/12\/24\/2014-vanocni-koncert-v-trojici\/olympus-digital-camera-8\/#main\" border=\"0\" itemprop=\"url\"> <meta itemprop=\"width\" content=\"202\"> <meta itemprop=\"height\" content=\"152\"> <img decoding=\"async\" class=\"\" data-attachment-id=\"966\" data-orig-file=\"https:\/\/www.sborissimo.cz\/wp-content\/uploads\/2018\/02\/pc241127u.jpg\" data-orig-size=\"640,480\" data-comments-opened=\"1\" data-image-meta=\"{&quot;aperture&quot;:&quot;2.7&quot;,&quot;credit&quot;:&quot;&quot;,&quot;camera&quot;:&quot;XZ-10&quot;,&quot;caption&quot;:&quot;OLYMPUS DIGITAL CAMERA&quot;,&quot;created_timestamp&quot;:&quot;1419431205&quot;,&quot;copyright&quot;:&quot;&quot;,&quot;focal_length&quot;:&quot;23.5&quot;,&quot;iso&quot;:&quot;200&quot;,&quot;shutter_speed&quot;:&quot;0.0166666666667&quot;,&quot;title&quot;:&quot;OLYMPUS DIGITAL CAMERA&quot;,&quot;orientation&quot;:&quot;0&quot;}\" data-image-title=\"OLYMPUS DIGITAL CAMERA\" data-image-description=\"\" data-medium-file=\"https:\/\/i0.wp.com\/www.sborissimo.cz\/wp-content\/uploads\/2018\/02\/pc241127u.jpg?fit=300%2C225&#038;ssl=1\" data-large-file=\"https:\/\/i0.wp.com\/www.sborissimo.cz\/wp-content\/uploads\/2018\/02\/pc241127u.jpg?fit=620%2C465&#038;ssl=1\" src=\"https:\/\/i0.wp.com\/www.sborissimo.cz\/wp-content\/uploads\/2018\/02\/pc241127u.jpg?w=202&#038;h=152&#038;ssl=1\" srcset=\"https:\/\/i0.wp.com\/www.sborissimo.cz\/wp-content\/uploads\/2018\/02\/pc241127u.jpg?w=640&amp;ssl=1 640w, https:\/\/i0.wp.com\/www.sborissimo.cz\/wp-content\/uploads\/2018\/02\/pc241127u.jpg?resize=300%2C225&amp;ssl=1 300w, https:\/\/i0.wp.com\/www.sborissimo.cz\/wp-content\/uploads\/2018\/02\/pc241127u.jpg?resize=507%2C380&amp;ssl=1 507w\" width=\"202\" height=\"152\" loading=\"lazy\" data-original-width=\"202\" data-original-height=\"152\" itemprop=\"http:\/\/schema.org\/image\" title=\"OLYMPUS DIGITAL CAMERA\" alt=\"OLYMPUS DIGITAL CAMERA\" style=\"width: 202px; height: 152px;\" \/> <\/a> <div class=\"tiled-gallery-caption\" itemprop=\"caption description\"> OLYMPUS DIGITAL CAMERA <\/div> <\/div> <div class=\"tiled-gallery-item tiled-gallery-item-small\" itemprop=\"associatedMedia\" itemscope itemtype=\"http:\/\/schema.org\/ImageObject\"> <a href=\"https:\/\/www.sborissimo.cz\/index.php\/2014\/12\/24\/2014-vanocni-koncert-v-trojici\/olympus-digital-camera-9\/#main\" border=\"0\" itemprop=\"url\"> <meta itemprop=\"width\" content=\"202\"> <meta itemprop=\"height\" content=\"151\"> <img decoding=\"async\" class=\"\" data-attachment-id=\"967\" data-orig-file=\"https:\/\/www.sborissimo.cz\/wp-content\/uploads\/2018\/02\/pc241131u.jpg\" data-orig-size=\"640,480\" data-comments-opened=\"1\" data-image-meta=\"{&quot;aperture&quot;:&quot;2.7&quot;,&quot;credit&quot;:&quot;&quot;,&quot;camera&quot;:&quot;XZ-10&quot;,&quot;caption&quot;:&quot;OLYMPUS DIGITAL CAMERA&quot;,&quot;created_timestamp&quot;:&quot;1419432443&quot;,&quot;copyright&quot;:&quot;&quot;,&quot;focal_length&quot;:&quot;23.5&quot;,&quot;iso&quot;:&quot;500&quot;,&quot;shutter_speed&quot;:&quot;0.0166666666667&quot;,&quot;title&quot;:&quot;OLYMPUS DIGITAL CAMERA&quot;,&quot;orientation&quot;:&quot;0&quot;}\" data-image-title=\"OLYMPUS DIGITAL CAMERA\" data-image-description=\"\" data-medium-file=\"https:\/\/i0.wp.com\/www.sborissimo.cz\/wp-content\/uploads\/2018\/02\/pc241131u.jpg?fit=300%2C225&#038;ssl=1\" data-large-file=\"https:\/\/i0.wp.com\/www.sborissimo.cz\/wp-content\/uploads\/2018\/02\/pc241131u.jpg?fit=620%2C465&#038;ssl=1\" src=\"https:\/\/i0.wp.com\/www.sborissimo.cz\/wp-content\/uploads\/2018\/02\/pc241131u.jpg?w=202&#038;h=151&#038;ssl=1\" srcset=\"https:\/\/i0.wp.com\/www.sborissimo.cz\/wp-content\/uploads\/2018\/02\/pc241131u.jpg?w=640&amp;ssl=1 640w, https:\/\/i0.wp.com\/www.sborissimo.cz\/wp-content\/uploads\/2018\/02\/pc241131u.jpg?resize=300%2C225&amp;ssl=1 300w, https:\/\/i0.wp.com\/www.sborissimo.cz\/wp-content\/uploads\/2018\/02\/pc241131u.jpg?resize=507%2C380&amp;ssl=1 507w\" width=\"202\" height=\"151\" loading=\"lazy\" data-original-width=\"202\" data-original-height=\"151\" itemprop=\"http:\/\/schema.org\/image\" title=\"OLYMPUS DIGITAL CAMERA\" alt=\"OLYMPUS DIGITAL CAMERA\" style=\"width: 202px; height: 151px;\" \/> <\/a> <div class=\"tiled-gallery-caption\" itemprop=\"caption description\"> OLYMPUS DIGITAL CAMERA <\/div> <\/div> <\/div> <!-- close group --> <\/div> <!-- close row --> <\/div>\n","protected":false},"excerpt":{"rendered":"<p>N\u00e1\u0161 tradi\u010dn\u00ed\u00a0 koncert na \u0160t\u011bdr\u00fd den. Moc d\u011bkujeme, \u017ee p\u0159i\u0161lo tolik poslucha\u010d\u016f.<\/p>\n","protected":false},"author":1,"featured_media":965,"comment_status":"closed","ping_status":"open","sticky":false,"template":"","format":"gallery","meta":{"jetpack_post_was_ever_published":false,"_jetpack_newsletter_access":"","_jetpack_dont_email_post_to_subs":false,"_jetpack_newsletter_tier_id":0,"_jetpack_memberships_contains_paywalled_content":false,"_jetpack_memberships_contains_paid_content":false,"footnotes":"","jetpack_publicize_message":"","jetpack_publicize_feature_enabled":true,"jetpack_social_post_already_shared":true,"jetpack_social_options":{"image_generator_settings":{"template":"highway","default_image_id":0,"font":"","enabled":false},"version":2}},"categories":[12,8],"tags":[17],"class_list":["post-962","post","type-post","status-publish","format-gallery","has-post-thumbnail","hentry","category-advent","category-pisek","tag-kaple-sv-trojice","post_format-post-format-gallery","with-featured-image"],"jetpack_publicize_connections":[],"jetpack_featured_media_url":"https:\/\/i0.wp.com\/www.sborissimo.cz\/wp-content\/uploads\/2018\/02\/pc241124u.jpg?fit=640%2C480&ssl=1","jetpack_sharing_enabled":true,"jetpack_shortlink":"https:\/\/wp.me\/p9ffX1-fw","jetpack_likes_enabled":true,"jetpack-related-posts":[{"id":1040,"url":"https:\/\/www.sborissimo.cz\/index.php\/2012\/12\/02\/2-12-2012-spolecny-koncert-sonitus-a-sborissimo\/","url_meta":{"origin":962,"position":0},"title":"2.&nbsp;12.&nbsp;2012 Spole\u010dn\u00fd koncert Sonitus a&nbsp;Sborissimo","author":"sborissimo","date":"2. 12. 2012","format":"gallery","excerpt":"Spole\u010dn\u00fd koncert s p\u00edseck\u00fdm sborem Sonitus. Moc jsme si to u\u017eili. D\u011bkujeme.","rel":"","context":"In &quot;P\u00edsek&quot;","block_context":{"text":"P\u00edsek","link":"https:\/\/www.sborissimo.cz\/index.php\/category\/pisek\/"},"img":{"alt_text":"","src":"https:\/\/i0.wp.com\/www.sborissimo.cz\/wp-content\/uploads\/2018\/02\/255184_504905239541619_849408359_n.jpg?fit=960%2C720&ssl=1&resize=350%2C200","width":350,"height":200,"srcset":"https:\/\/i0.wp.com\/www.sborissimo.cz\/wp-content\/uploads\/2018\/02\/255184_504905239541619_849408359_n.jpg?fit=960%2C720&ssl=1&resize=350%2C200 1x, https:\/\/i0.wp.com\/www.sborissimo.cz\/wp-content\/uploads\/2018\/02\/255184_504905239541619_849408359_n.jpg?fit=960%2C720&ssl=1&resize=525%2C300 1.5x, https:\/\/i0.wp.com\/www.sborissimo.cz\/wp-content\/uploads\/2018\/02\/255184_504905239541619_849408359_n.jpg?fit=960%2C720&ssl=1&resize=700%2C400 2x"},"classes":[]},{"id":932,"url":"https:\/\/www.sborissimo.cz\/index.php\/2015\/12\/12\/2015-koncert-v-ceskych-budejovicich\/","url_meta":{"origin":962,"position":1},"title":"2015 koncert  v&nbsp;\u010cesk\u00fdch Bud\u011bjovic\u00edch","author":"sborissimo","date":"12. 12. 2015","format":"gallery","excerpt":"P\u0159edv\u00e1no\u010dn\u011b jsme naladili i \u00fa\u017easn\u00e9 publikum v \u010cesk\u00fdch Bud\u011bjovic\u00edch.","rel":"","context":"In &quot;Z\u00e1jezdy&quot;","block_context":{"text":"Z\u00e1jezdy","link":"https:\/\/www.sborissimo.cz\/index.php\/category\/zajezdy\/"},"img":{"alt_text":"","src":"https:\/\/i0.wp.com\/www.sborissimo.cz\/wp-content\/uploads\/2018\/02\/p1170058.jpg?fit=640%2C480&ssl=1&resize=350%2C200","width":350,"height":200,"srcset":"https:\/\/i0.wp.com\/www.sborissimo.cz\/wp-content\/uploads\/2018\/02\/p1170058.jpg?fit=640%2C480&ssl=1&resize=350%2C200 1x, https:\/\/i0.wp.com\/www.sborissimo.cz\/wp-content\/uploads\/2018\/02\/p1170058.jpg?fit=640%2C480&ssl=1&resize=525%2C300 1.5x"},"classes":[]},{"id":947,"url":"https:\/\/www.sborissimo.cz\/index.php\/2015\/12\/12\/2015-koncert-v-kremzi\/","url_meta":{"origin":962,"position":2},"title":"12.&nbsp;12.&nbsp;2015 koncert v&nbsp;K\u0159em\u017ei","author":"sborissimo","date":"12. 12. 2015","format":"gallery","excerpt":"P\u0159edv\u00e1no\u010dn\u00ed \u010das jsme si zpest\u0159ili a zazp\u00edvali si v malebn\u00e9m kostel\u00edku v K\u0159em\u017ei. D\u011bkujeme za pozv\u00e1n\u00ed, byli jsme tam n\u00e1dhern\u011b p\u0159ijati.","rel":"","context":"In &quot;Z\u00e1jezdy&quot;","block_context":{"text":"Z\u00e1jezdy","link":"https:\/\/www.sborissimo.cz\/index.php\/category\/zajezdy\/"},"img":{"alt_text":"","src":"https:\/\/i0.wp.com\/www.sborissimo.cz\/wp-content\/uploads\/2018\/02\/dsc_0832u.jpg?fit=640%2C424&ssl=1&resize=350%2C200","width":350,"height":200,"srcset":"https:\/\/i0.wp.com\/www.sborissimo.cz\/wp-content\/uploads\/2018\/02\/dsc_0832u.jpg?fit=640%2C424&ssl=1&resize=350%2C200 1x, https:\/\/i0.wp.com\/www.sborissimo.cz\/wp-content\/uploads\/2018\/02\/dsc_0832u.jpg?fit=640%2C424&ssl=1&resize=525%2C300 1.5x"},"classes":[]},{"id":2508,"url":"https:\/\/www.sborissimo.cz\/index.php\/2019\/12\/02\/dusickovy-koncert\/","url_meta":{"origin":962,"position":3},"title":"Du\u0161i\u010dkov\u00fd koncert","author":"sborissimo","date":"2. 12. 2019","format":"gallery","excerpt":"v\u011bnovan\u00fd v\u0161em zesnul\u00fdm rozezn\u011bl 2. listopadu D\u011bkansk\u00fd kostel v P\u00edsku. Pod veden\u00edm Old\u0159icha Vl\u010dka jsme vystoupili s orchestrem Virtuosi di Praga a s\u00f3listy.","rel":"","context":"In &quot;P\u00edsek&quot;","block_context":{"text":"P\u00edsek","link":"https:\/\/www.sborissimo.cz\/index.php\/category\/pisek\/"},"img":{"alt_text":"Du\u0161i\u010dkov\u00fd koncert v D\u011bkansk\u00e9m kostele","src":"https:\/\/i0.wp.com\/www.sborissimo.cz\/wp-content\/uploads\/2019\/12\/Du%C5%A1i%C4%8Dky2019.png?fit=1200%2C457&ssl=1&resize=350%2C200","width":350,"height":200,"srcset":"https:\/\/i0.wp.com\/www.sborissimo.cz\/wp-content\/uploads\/2019\/12\/Du%C5%A1i%C4%8Dky2019.png?fit=1200%2C457&ssl=1&resize=350%2C200 1x, https:\/\/i0.wp.com\/www.sborissimo.cz\/wp-content\/uploads\/2019\/12\/Du%C5%A1i%C4%8Dky2019.png?fit=1200%2C457&ssl=1&resize=525%2C300 1.5x, https:\/\/i0.wp.com\/www.sborissimo.cz\/wp-content\/uploads\/2019\/12\/Du%C5%A1i%C4%8Dky2019.png?fit=1200%2C457&ssl=1&resize=700%2C400 2x, https:\/\/i0.wp.com\/www.sborissimo.cz\/wp-content\/uploads\/2019\/12\/Du%C5%A1i%C4%8Dky2019.png?fit=1200%2C457&ssl=1&resize=1050%2C600 3x"},"classes":[]},{"id":1023,"url":"https:\/\/www.sborissimo.cz\/index.php\/2013\/05\/24\/24-5-2013-koncert-v-obecnim-dome-v-praze\/","url_meta":{"origin":962,"position":4},"title":"24.&nbsp;5.&nbsp;2013 Koncert v&nbsp;Obecn\u00edm dom\u011b v&nbsp;Praze","author":"sborissimo","date":"24. 5. 2013","format":"gallery","excerpt":"M\u011bli jsme tu \u010dest si zazp\u00edvat v Obecn\u00edm dom\u011b v Praze. Byl to pro n\u00e1s opravdu velk\u00fd z\u00e1\u017eitek.","rel":"","context":"In &quot;Z\u00e1jezdy&quot;","block_context":{"text":"Z\u00e1jezdy","link":"https:\/\/www.sborissimo.cz\/index.php\/category\/zajezdy\/"},"img":{"alt_text":"","src":"https:\/\/i0.wp.com\/www.sborissimo.cz\/wp-content\/uploads\/2018\/02\/dsc02646.jpg?fit=640%2C480&ssl=1&resize=350%2C200","width":350,"height":200,"srcset":"https:\/\/i0.wp.com\/www.sborissimo.cz\/wp-content\/uploads\/2018\/02\/dsc02646.jpg?fit=640%2C480&ssl=1&resize=350%2C200 1x, https:\/\/i0.wp.com\/www.sborissimo.cz\/wp-content\/uploads\/2018\/02\/dsc02646.jpg?fit=640%2C480&ssl=1&resize=525%2C300 1.5x"},"classes":[]},{"id":1027,"url":"https:\/\/www.sborissimo.cz\/index.php\/2013\/03\/22\/22-3-2013-koncert-v-kostele-v-cimelicich\/","url_meta":{"origin":962,"position":5},"title":"22.&nbsp;3.&nbsp;2013 koncert v&nbsp;kostele v&nbsp;\u010cimelic\u00edch","author":"sborissimo","date":"22. 3. 2013","format":"gallery","excerpt":"Dostali jsme pozv\u00e1n\u00ed zazp\u00edvat v kostele v \u010cimelic\u00edch. D\u011bkujeme za velmi v\u0159el\u00e9 p\u0159ijet\u00ed a bohat\u00e9 poho\u0161t\u011bn\u00ed.","rel":"","context":"In &quot;Z\u00e1jezdy&quot;","block_context":{"text":"Z\u00e1jezdy","link":"https:\/\/www.sborissimo.cz\/index.php\/category\/zajezdy\/"},"img":{"alt_text":"","src":"https:\/\/i0.wp.com\/www.sborissimo.cz\/wp-content\/uploads\/2018\/02\/dsc_0235.jpg?fit=640%2C430&ssl=1&resize=350%2C200","width":350,"height":200,"srcset":"https:\/\/i0.wp.com\/www.sborissimo.cz\/wp-content\/uploads\/2018\/02\/dsc_0235.jpg?fit=640%2C430&ssl=1&resize=350%2C200 1x, https:\/\/i0.wp.com\/www.sborissimo.cz\/wp-content\/uploads\/2018\/02\/dsc_0235.jpg?fit=640%2C430&ssl=1&resize=525%2C300 1.5x"},"classes":[]}],"_links":{"self":[{"href":"https:\/\/www.sborissimo.cz\/index.php\/wp-json\/wp\/v2\/posts\/962","targetHints":{"allow":["GET"]}}],"collection":[{"href":"https:\/\/www.sborissimo.cz\/index.php\/wp-json\/wp\/v2\/posts"}],"about":[{"href":"https:\/\/www.sborissimo.cz\/index.php\/wp-json\/wp\/v2\/types\/post"}],"author":[{"embeddable":true,"href":"https:\/\/www.sborissimo.cz\/index.php\/wp-json\/wp\/v2\/users\/1"}],"replies":[{"embeddable":true,"href":"https:\/\/www.sborissimo.cz\/index.php\/wp-json\/wp\/v2\/comments?post=962"}],"version-history":[{"count":2,"href":"https:\/\/www.sborissimo.cz\/index.php\/wp-json\/wp\/v2\/posts\/962\/revisions"}],"predecessor-version":[{"id":1058,"href":"https:\/\/www.sborissimo.cz\/index.php\/wp-json\/wp\/v2\/posts\/962\/revisions\/1058"}],"wp:featuredmedia":[{"embeddable":true,"href":"https:\/\/www.sborissimo.cz\/index.php\/wp-json\/wp\/v2\/media\/965"}],"wp:attachment":[{"href":"https:\/\/www.sborissimo.cz\/index.php\/wp-json\/wp\/v2\/media?parent=962"}],"wp:term":[{"taxonomy":"category","embeddable":true,"href":"https:\/\/www.sborissimo.cz\/index.php\/wp-json\/wp\/v2\/categories?post=962"},{"taxonomy":"post_tag","embeddable":true,"href":"https:\/\/www.sborissimo.cz\/index.php\/wp-json\/wp\/v2\/tags?post=962"}],"curies":[{"name":"wp","href":"https:\/\/api.w.org\/{rel}","templated":true}]}}